{"id":28711,"date":"2012-10-22T22:29:02","date_gmt":"2012-10-23T01:29:02","guid":{"rendered":"http:\/\/www.elsindical.com.ar\/notas\/?p=28711"},"modified":"2012-10-22T22:29:02","modified_gmt":"2012-10-23T01:29:02","slug":"mar-del-platamatan-a-un-preso-en-una-pelea","status":"publish","type":"post","link":"https:\/\/www.elsindical.com.ar\/notas\/mar-del-platamatan-a-un-preso-en-una-pelea\/","title":{"rendered":"Mar del Plata:Matan a un preso en una pelea"},"content":{"rendered":"<p style=\"text-align: justify;\"><em><a href=\"http:\/\/www.elsindical.com.ar\/notas\/var\/www\/html\/notas\/wp-content\/uploads\/2012\/10\/c\u00e1rcel-de-bat\u00e1n.jpg\"><img loading=\"lazy\" decoding=\"async\" class=\"alignleft size-medium wp-image-28712\" title=\"c\u00e1rcel-de-bat\u00e1n\" src=\"http:\/\/www.elsindical.com.ar\/notas\/var\/www\/html\/notas\/wp-content\/uploads\/2012\/10\/c\u00e1rcel-de-bat\u00e1n-300x193.jpg\" alt=\"\" width=\"300\" height=\"193\" srcset=\"https:\/\/www.elsindical.com.ar\/notas\/var\/www\/html\/notas\/wp-content\/uploads\/2012\/10\/c\u00e1rcel-de-bat\u00e1n-300x193.jpg 300w, https:\/\/www.elsindical.com.ar\/notas\/var\/www\/html\/notas\/wp-content\/uploads\/2012\/10\/c\u00e1rcel-de-bat\u00e1n.jpg 443w\" sizes=\"auto, (max-width: 300px) 100vw, 300px\" \/><\/a>Por problemas de vieja data, un recluso de 23 a\u00f1os fue atacado por otro que lo hiri\u00f3 con una \u00abfaca\u00bb a la altura del coraz\u00f3n. El hecho ocurri\u00f3 en el sector de m\u00e1xima seguridad de la prisi\u00f3n, donde se alojan los reos m\u00e1s peligrosos.<\/em><\/p>\n<p style=\"text-align: justify;\">Un preso fue asesinado de una pu\u00f1alada durante una pelea con otro en uno de los patios de la Unidad Carcelaria XV de Bat\u00e1n, informaron fuentes policiales.<\/p>\n<p style=\"text-align: justify;\">La v\u00edctima fue identificada como <strong>Juan Cruz Pereira<\/strong>, de 23 a\u00f1os, quien falleci\u00f3 en el acto a ra\u00edz de una profunda herida que sufri\u00f3 cuando le clavaron una <em>\u201cfaca\u201d<\/em> en el pecho en medio de una pelea, indicaron las fuentes.<\/p>\n<p style=\"text-align: justify;\">El hecho ocurri\u00f3 ayer, pasadas las 17:00 hs., en un patio del sector de m\u00e1xima seguridad de la c\u00e1rcel de Bat\u00e1n, donde se alojan\u00a0 los presos m\u00e1s peligrosos que tienen condena firme.<\/p>\n<p style=\"text-align: justify;\">Seg\u00fan testimonios obtenidos por personal de la comisar\u00eda octava y el Fiscal <strong>Mariano Moyano<\/strong>, Pereira y otro hombre comenzaron a pelearse en el patio a ra\u00edz de diferencias que manten\u00edan y, en medio de la discusi\u00f3n, su oponente le aplic\u00f3 un puntazo en\u00a0 el pecho que le provoc\u00f3 la muerte.<\/p>\n<p style=\"text-align: justify;\">\n","protected":false},"excerpt":{"rendered":"<p>Por problemas de vieja data, un recluso de 23 a\u00f1os fue atacado por otro que lo hiri\u00f3 con una \u00abfaca\u00bb a la altura del coraz\u00f3n. El hecho ocurri\u00f3 en el sector de m\u00e1xima seguridad de la prisi\u00f3n, donde se alojan los reos m\u00e1s peligrosos. Un preso fue asesinado de una pu\u00f1alada durante una pelea con&hellip;<\/p>\n","protected":false},"author":1,"featured_media":0,"comment_status":"open","ping_status":"open","sticky":false,"template":"","format":"standard","meta":{"footnotes":""},"categories":[22],"tags":[7377,8112,1673,118,13263],"class_list":["post-28711","post","type-post","status-publish","format-standard","hentry","category-policiales","tag-batan","tag-faca","tag-mar-del-plata","tag-policias","tag-unidad-carcelaria"],"_links":{"self":[{"href":"https:\/\/www.elsindical.com.ar\/notas\/wp-json\/wp\/v2\/posts\/28711","targetHints":{"allow":["GET"]}}],"collection":[{"href":"https:\/\/www.elsindical.com.ar\/notas\/wp-json\/wp\/v2\/posts"}],"about":[{"href":"https:\/\/www.elsindical.com.ar\/notas\/wp-json\/wp\/v2\/types\/post"}],"author":[{"embeddable":true,"href":"https:\/\/www.elsindical.com.ar\/notas\/wp-json\/wp\/v2\/users\/1"}],"replies":[{"embeddable":true,"href":"https:\/\/www.elsindical.com.ar\/notas\/wp-json\/wp\/v2\/comments?post=28711"}],"version-history":[{"count":2,"href":"https:\/\/www.elsindical.com.ar\/notas\/wp-json\/wp\/v2\/posts\/28711\/revisions"}],"predecessor-version":[{"id":28714,"href":"https:\/\/www.elsindical.com.ar\/notas\/wp-json\/wp\/v2\/posts\/28711\/revisions\/28714"}],"wp:attachment":[{"href":"https:\/\/www.elsindical.com.ar\/notas\/wp-json\/wp\/v2\/media?parent=28711"}],"wp:term":[{"taxonomy":"category","embeddable":true,"href":"https:\/\/www.elsindical.com.ar\/notas\/wp-json\/wp\/v2\/categories?post=28711"},{"taxonomy":"post_tag","embeddable":true,"href":"https:\/\/www.elsindical.com.ar\/notas\/wp-json\/wp\/v2\/tags?post=28711"}],"curies":[{"name":"wp","href":"https:\/\/api.w.org\/{rel}","templated":true}]}}