{"id":28694,"date":"2012-10-22T11:30:33","date_gmt":"2012-10-22T14:30:33","guid":{"rendered":"http:\/\/www.elsindical.com.ar\/notas\/?p=28694"},"modified":"2012-10-22T11:30:33","modified_gmt":"2012-10-22T14:30:33","slug":"critican-la-designacion-del-nuevo-jefe-de-policia-de-santa-fe","status":"publish","type":"post","link":"https:\/\/www.elsindical.com.ar\/notas\/critican-la-designacion-del-nuevo-jefe-de-policia-de-santa-fe\/","title":{"rendered":"Critican la designaci\u00f3n del nuevo jefe de Polic\u00eda de Santa Fe"},"content":{"rendered":"<p style=\"text-align: justify;\"><em><a href=\"http:\/\/www.elsindical.com.ar\/notas\/var\/www\/html\/notas\/wp-content\/uploads\/2012\/10\/Comisario-General-Cristian-Sola.jpg\"><img loading=\"lazy\" decoding=\"async\" class=\"alignleft size-medium wp-image-28695\" title=\"Comisario-General-Cristian-Sola\" src=\"http:\/\/www.elsindical.com.ar\/notas\/var\/www\/html\/notas\/wp-content\/uploads\/2012\/10\/Comisario-General-Cristian-Sola-300x265.jpg\" alt=\"\" width=\"300\" height=\"265\" srcset=\"https:\/\/www.elsindical.com.ar\/notas\/var\/www\/html\/notas\/wp-content\/uploads\/2012\/10\/Comisario-General-Cristian-Sola-300x265.jpg 300w, https:\/\/www.elsindical.com.ar\/notas\/var\/www\/html\/notas\/wp-content\/uploads\/2012\/10\/Comisario-General-Cristian-Sola-339x300.jpg 339w, https:\/\/www.elsindical.com.ar\/notas\/var\/www\/html\/notas\/wp-content\/uploads\/2012\/10\/Comisario-General-Cristian-Sola.jpg 413w\" sizes=\"auto, (max-width: 300px) 100vw, 300px\" \/><\/a>Una diputada provincial y el Sindicato de Prensa de Rosario cuestionaron al nuevo titular de la polic\u00eda santafesina Cristian Sola.<\/em><\/p>\n<p style=\"text-align: justify;\">La diputada rosarina <strong>Mar\u00eda Eugenia Bielsa <\/strong>y el gremio de los <strong>periodistas de Rosario<\/strong> cuestionaron el nombramiento de<strong> Cristian Sola <\/strong>en reemplazo de <strong>Hugo Tognoli<\/strong>, quien renunci\u00f3 apremiado por las investigaciones que lo vinculan con el <strong>narcotr\u00e1fico<\/strong>.<\/p>\n<p style=\"text-align: justify;\">Sola fue hasta el viernes pasado fue el segundo de Tognioli por lo que Bielsa sostuvo que \u00abla c\u00fapula policial funciona como una unidad, si uno trabaja al lado de un polic\u00eda como Tognioli y no se entera de lo que hac\u00eda es grave y si no lo sabe es m\u00e1s grave a\u00fan\u00bb.<\/p>\n<p style=\"text-align: justify;\">\u00abEn las declaraciones que hizo Sola est\u00e1 la raz\u00f3n de lo que planteo, \u00e9l mismo dijo que le resultaba inc\u00f3modo detener a quien hab\u00eda sido hasta el viernes su inmediato superior\u00bb, afirm\u00f3 la legisladora provincial, quien asegur\u00f3 que no puede ser una novedad para nadie lo que sucedi\u00f3 ya que \u00abhab\u00eda un mont\u00f3n de se\u00f1ales de lo que est\u00e1 pasando en la provincia de Santa Fe\u00bb.<\/p>\n<p style=\"text-align: justify;\">Por su parte, el Sindicato de Prensa de Rosario (SPR) manifest\u00f3 su \u201cm\u00e1s en\u00e9rgico repudio y, a la vez, la profunda preocupaci\u00f3n\u201d por las \u201camenazantes\u201d declaraciones del nuevo jefe de la Polic\u00eda de Santa Fe, Cristian Sola, referidas a un periodista que investig\u00f3 el presunto v\u00ednculo del ahora detenido ex titular de la fuerza provincial con el narcotr\u00e1fico. Es que Sola, consultado por el diario La Capital de Rosario sobre un art\u00edculo period\u00edstico escrito por <strong>Jos\u00e9 Maggi<\/strong> (P\u00e1gina\/12) y que hac\u00eda referencia a la existencia de una supuesta desconfianza con su antecesor Hugo Tognoli, se\u00f1al\u00f3 que no hab\u00eda le\u00eddo la nota y que, adem\u00e1s, que se encargar\u00eda \u201cpersonalmente\u201d del tema.<\/p>\n<p style=\"text-align: justify;\">A partir de estos dichos, la Comisi\u00f3n de Libertad de Expresi\u00f3n y Formaci\u00f3n Profesional del SPR expres\u00f3 su \u201cm\u00e1s en\u00e9rgico repudio y, a la vez, la profunda preocupaci\u00f3n\u201d, al tiempo que solicit\u00f3 una entrevista con el gobernador provincial, <strong>Antonio Bonfatti<\/strong>.<\/p>\n<p style=\"text-align: justify;\">\u201cEsta Comisi\u00f3n se pregunta con estupor c\u00f3mo es posible que el responsable m\u00e1ximo de la santafesina se exprese en t\u00e9rminos que encierran un tenor amenazante, cuanto menos de amedrentamiento hacia Jos\u00e9 Maggi\u201d, se\u00f1al\u00f3 la organizaci\u00f3n en un comunicado.<\/p>\n<p style=\"text-align: justify;\">Luego, resalt\u00f3 que \u201cla expresi\u00f3n, y en el contexto en que se hizo, tiene el tono del autoritarismo estremecedor\u201d.<\/p>\n<p style=\"text-align: justify;\">\u00abEsta Comisi\u00f3n del SPR le informa a Sola que no permanecer\u00e1 impasible hacia sus palabras de integrante de una barrabrava, que es imprescindible su p\u00fablica disculpa y, adem\u00e1s, que <strong>esta organizaci\u00f3n sindical lo hace responsable por cualquier hecho de agresi\u00f3n contra Maggi<\/strong>\u201d, concluye el texto gremial.<\/p>\n","protected":false},"excerpt":{"rendered":"<p>Una diputada provincial y el Sindicato de Prensa de Rosario cuestionaron al nuevo titular de la polic\u00eda santafesina Cristian Sola. La diputada rosarina Mar\u00eda Eugenia Bielsa y el gremio de los periodistas de Rosario cuestionaron el nombramiento de Cristian Sola en reemplazo de Hugo Tognoli, quien renunci\u00f3 apremiado por las investigaciones que lo vinculan con&hellip;<\/p>\n","protected":false},"author":1,"featured_media":0,"comment_status":"open","ping_status":"open","sticky":false,"template":"","format":"standard","meta":{"footnotes":""},"categories":[13],"tags":[13255,13221,13257,13258,204,13256],"class_list":["post-28694","post","type-post","status-publish","format-standard","hentry","category-politica","tag-comisario-general-cristian-sola","tag-comisario-general-hugo-tognoli","tag-diputada-provincial","tag-maria-eugenia-bielsa","tag-narcotrafico","tag-sindicato-de-prensa-de-rosario"],"_links":{"self":[{"href":"https:\/\/www.elsindical.com.ar\/notas\/wp-json\/wp\/v2\/posts\/28694","targetHints":{"allow":["GET"]}}],"collection":[{"href":"https:\/\/www.elsindical.com.ar\/notas\/wp-json\/wp\/v2\/posts"}],"about":[{"href":"https:\/\/www.elsindical.com.ar\/notas\/wp-json\/wp\/v2\/types\/post"}],"author":[{"embeddable":true,"href":"https:\/\/www.elsindical.com.ar\/notas\/wp-json\/wp\/v2\/users\/1"}],"replies":[{"embeddable":true,"href":"https:\/\/www.elsindical.com.ar\/notas\/wp-json\/wp\/v2\/comments?post=28694"}],"version-history":[{"count":1,"href":"https:\/\/www.elsindical.com.ar\/notas\/wp-json\/wp\/v2\/posts\/28694\/revisions"}],"predecessor-version":[{"id":28696,"href":"https:\/\/www.elsindical.com.ar\/notas\/wp-json\/wp\/v2\/posts\/28694\/revisions\/28696"}],"wp:attachment":[{"href":"https:\/\/www.elsindical.com.ar\/notas\/wp-json\/wp\/v2\/media?parent=28694"}],"wp:term":[{"taxonomy":"category","embeddable":true,"href":"https:\/\/www.elsindical.com.ar\/notas\/wp-json\/wp\/v2\/categories?post=28694"},{"taxonomy":"post_tag","embeddable":true,"href":"https:\/\/www.elsindical.com.ar\/notas\/wp-json\/wp\/v2\/tags?post=28694"}],"curies":[{"name":"wp","href":"https:\/\/api.w.org\/{rel}","templated":true}]}}