{"id":28665,"date":"2012-10-21T08:59:47","date_gmt":"2012-10-21T11:59:47","guid":{"rendered":"http:\/\/www.elsindical.com.ar\/notas\/?p=28665"},"modified":"2012-10-21T09:00:07","modified_gmt":"2012-10-21T12:00:07","slug":"solicitan-informes-sobre-la-ley-de-cupo-sindical-femenino","status":"publish","type":"post","link":"https:\/\/www.elsindical.com.ar\/notas\/solicitan-informes-sobre-la-ley-de-cupo-sindical-femenino\/","title":{"rendered":"Solicitan informes sobre la Ley de Cupo Sindical Femenino"},"content":{"rendered":"<p style=\"text-align: justify;\"><em><a href=\"http:\/\/www.elsindical.com.ar\/notas\/var\/www\/html\/notas\/wp-content\/uploads\/2012\/10\/Virginia-Linares.jpg\"><img loading=\"lazy\" decoding=\"async\" class=\"alignleft size-medium wp-image-28666\" title=\"Virginia-Linares\" src=\"http:\/\/www.elsindical.com.ar\/notas\/var\/www\/html\/notas\/wp-content\/uploads\/2012\/10\/Virginia-Linares-300x248.jpg\" alt=\"\" width=\"300\" height=\"248\" srcset=\"https:\/\/www.elsindical.com.ar\/notas\/var\/www\/html\/notas\/wp-content\/uploads\/2012\/10\/Virginia-Linares-300x248.jpg 300w, https:\/\/www.elsindical.com.ar\/notas\/var\/www\/html\/notas\/wp-content\/uploads\/2012\/10\/Virginia-Linares-362x300.jpg 362w, https:\/\/www.elsindical.com.ar\/notas\/var\/www\/html\/notas\/wp-content\/uploads\/2012\/10\/Virginia-Linares.jpg 443w\" sizes=\"auto, (max-width: 300px) 100vw, 300px\" \/><\/a>Lo hizo la diputada del GEN Virginia Linares y el pedido de informaci\u00f3n es b\u00e1sicamente sobre el cumplimiento de la norma que estipula que los sindicatos deben tener un cupo femenino cubierto. \u201cLa situaci\u00f3n no es igualitaria y est\u00e1 muy lejos de ser justa\u201d, analiz\u00f3. <\/em><\/p>\n<p style=\"text-align: justify;\">La diputada del GEN en el Frente Amplio Progresista, Virginia Linares, solicit\u00f3 informaci\u00f3n acerca de la implementaci\u00f3n de la Ley 25.674, que estipula un m\u00ednimo cupo que deben ocupar las mujeres en los sindicatos.<\/p>\n<p style=\"text-align: justify;\">\u201cPresentamos un pedido de informes dirigido al Poder Ejecutivo para conocer si se cumple o no con lo establecido en la llamada Ley de Cupo Sindical Femenino, si se est\u00e1 cumpliendo con la participaci\u00f3n proporcional de mujeres delegadas, cu\u00e1l es la jerarqu\u00eda de los cargos que ocupan las mujeres en las distintas organizaciones sindicales, y cu\u00e1les son aquellos sindicatos que no cumplen con los porcentuales fijados, entre otros aspectos\u201d, sostuvo la legisladora.<\/p>\n<p style=\"text-align: justify;\">Linares destac\u00f3 la importancia de la Ley 25.674, sancionada hace 10 a\u00f1os, al recordar que, \u201cesta norma establece porcentajes m\u00ednimos de participaci\u00f3n femenina en las unidades de negociaci\u00f3n colectiva, tanto para cargos electivos y representativos, como para su presentaci\u00f3n en las listas, es una norma que restablece derechos largamente postergados de las mujeres\u201d.<\/p>\n<p style=\"text-align: justify;\">Asimismo sostuvo que \u201cdurante a\u00f1os las mujeres no han tenido oportunidades de inserci\u00f3n en el mercado laboral. Luego de largos per\u00edodos de lucha y organizaci\u00f3n se ha logrado equilibrar un poco la balanza respecto de los hombres en cuanto a las posibilidades de obtener un empleo, as\u00ed como en la participaci\u00f3n sindical\u201d.<\/p>\n<p style=\"text-align: justify;\">\u201cPese a esto la situaci\u00f3n no es igualitaria y est\u00e1 muy lejos de ser justa. Para seguir en este camino de cambio, es necesario destinar nuestro mayor esfuerzo en la lucha por la vigencia de los principios de no discriminaci\u00f3n e igualdad entre mujeres y hombres, especialmente en un mundo tan reticente al empoderamiento de las mujeres, como es el sindical\u201d, finaliz\u00f3 la legisladora del GEN-FAP.<\/p>\n","protected":false},"excerpt":{"rendered":"<p>Lo hizo la diputada del GEN Virginia Linares y el pedido de informaci\u00f3n es b\u00e1sicamente sobre el cumplimiento de la norma que estipula que los sindicatos deben tener un cupo femenino cubierto. \u201cLa situaci\u00f3n no es igualitaria y est\u00e1 muy lejos de ser justa\u201d, analiz\u00f3. La diputada del GEN en el Frente Amplio Progresista, Virginia&hellip;<\/p>\n","protected":false},"author":1,"featured_media":0,"comment_status":"open","ping_status":"open","sticky":false,"template":"","format":"standard","meta":{"footnotes":""},"categories":[13],"tags":[7681,12753,59,1215,13251],"class_list":["post-28665","post","type-post","status-publish","format-standard","hentry","category-politica","tag-frente-amplio-progresista","tag-gen","tag-mujeres","tag-poder-ejecutivo","tag-virginia-linares"],"_links":{"self":[{"href":"https:\/\/www.elsindical.com.ar\/notas\/wp-json\/wp\/v2\/posts\/28665","targetHints":{"allow":["GET"]}}],"collection":[{"href":"https:\/\/www.elsindical.com.ar\/notas\/wp-json\/wp\/v2\/posts"}],"about":[{"href":"https:\/\/www.elsindical.com.ar\/notas\/wp-json\/wp\/v2\/types\/post"}],"author":[{"embeddable":true,"href":"https:\/\/www.elsindical.com.ar\/notas\/wp-json\/wp\/v2\/users\/1"}],"replies":[{"embeddable":true,"href":"https:\/\/www.elsindical.com.ar\/notas\/wp-json\/wp\/v2\/comments?post=28665"}],"version-history":[{"count":2,"href":"https:\/\/www.elsindical.com.ar\/notas\/wp-json\/wp\/v2\/posts\/28665\/revisions"}],"predecessor-version":[{"id":28668,"href":"https:\/\/www.elsindical.com.ar\/notas\/wp-json\/wp\/v2\/posts\/28665\/revisions\/28668"}],"wp:attachment":[{"href":"https:\/\/www.elsindical.com.ar\/notas\/wp-json\/wp\/v2\/media?parent=28665"}],"wp:term":[{"taxonomy":"category","embeddable":true,"href":"https:\/\/www.elsindical.com.ar\/notas\/wp-json\/wp\/v2\/categories?post=28665"},{"taxonomy":"post_tag","embeddable":true,"href":"https:\/\/www.elsindical.com.ar\/notas\/wp-json\/wp\/v2\/tags?post=28665"}],"curies":[{"name":"wp","href":"https:\/\/api.w.org\/{rel}","templated":true}]}}