{"id":28632,"date":"2012-10-20T17:35:12","date_gmt":"2012-10-20T20:35:12","guid":{"rendered":"http:\/\/www.elsindical.com.ar\/notas\/?p=28632"},"modified":"2012-10-20T17:35:12","modified_gmt":"2012-10-20T20:35:12","slug":"esta-profugo-el-ex-jefe-de-la-policia-de-santa-fe-investigado-por-narcotrafico","status":"publish","type":"post","link":"https:\/\/www.elsindical.com.ar\/notas\/esta-profugo-el-ex-jefe-de-la-policia-de-santa-fe-investigado-por-narcotrafico\/","title":{"rendered":"Est\u00e1 pr\u00f3fugo el ex jefe de la polic\u00eda de Santa Fe investigado por narcotr\u00e1fico"},"content":{"rendered":"<p style=\"text-align: justify;\"><em><strong><a href=\"http:\/\/www.elsindical.com.ar\/notas\/var\/www\/html\/notas\/wp-content\/uploads\/2012\/10\/Comisario-General-Hugo-Tognoli-despacho.jpg\"><img loading=\"lazy\" decoding=\"async\" class=\"alignleft size-medium wp-image-28633\" title=\"Comisario-General-Hugo-Tognoli-despacho\" src=\"http:\/\/www.elsindical.com.ar\/notas\/var\/www\/html\/notas\/wp-content\/uploads\/2012\/10\/Comisario-General-Hugo-Tognoli-despacho-300x224.jpg\" alt=\"\" width=\"300\" height=\"224\" srcset=\"https:\/\/www.elsindical.com.ar\/notas\/var\/www\/html\/notas\/wp-content\/uploads\/2012\/10\/Comisario-General-Hugo-Tognoli-despacho-300x224.jpg 300w, https:\/\/www.elsindical.com.ar\/notas\/var\/www\/html\/notas\/wp-content\/uploads\/2012\/10\/Comisario-General-Hugo-Tognoli-despacho-400x300.jpg 400w, https:\/\/www.elsindical.com.ar\/notas\/var\/www\/html\/notas\/wp-content\/uploads\/2012\/10\/Comisario-General-Hugo-Tognoli-despacho.jpg 443w\" sizes=\"auto, (max-width: 300px) 100vw, 300px\" \/><\/a>Hugo Tognoli<\/strong> es buscado por<strong> fuerzas nacionales e internacionales<\/strong>. El Juez federal<strong> Carlos Vera Barros<\/strong> orden\u00f3 su detenci\u00f3n. En las \u00faltimas horas trascendieron las escuchas que lo involucrar\u00edan a la<strong> venta de drogas<\/strong>.<\/em><\/p>\n<p style=\"text-align: justify;\">El ex jefe de la Polic\u00eda de Santa Fe Comisario\u00a0General <strong>Hugo Tognoli<\/strong>, sospechado de tener presuntos v\u00ednculos con narcotraficantes, contin\u00faa pr\u00f3fugo luego de la orden de detenci\u00f3n librada por el Juez federal de Rosario <strong>Carlos Vera Barros<\/strong>, quien orden\u00f3 a las fuerzas federales de seguridad que lo arresten. Luego se sum\u00f3 el pedido de <strong>captura internacional<\/strong>.<\/p>\n<p style=\"text-align: justify;\">Tognoli renunci\u00f3 al cargo a ra\u00edz de la acusaci\u00f3n que afronta por su la supuesta vinculaci\u00f3n con una red de protecci\u00f3n de narcos y dijo que se pondr\u00e1 a<strong> \u00abdisposici\u00f3n de la Justicia\u00bb.<\/strong><\/p>\n<p style=\"text-align: justify;\">Ayer, el Juez Barros orden\u00f3 la detenci\u00f3n del jefe policial al quedar comprometido por escuchas telef\u00f3nicas relativas al accionar para<strong> favorecer a grupos ligados al comercio de estupefacientes.<\/strong><\/p>\n<p style=\"text-align: justify;\">Barros quiere indagar a Tognoli por el delito de <strong>incumplimiento de los deberes de funcionario p\u00fablico.<\/strong> Trascendi\u00f3 que el abogado defensor de Tognoli, el penalista Eduardo Jauchen, quien estuvo a cargo de la defensa del fallecido obispo de Santa Fe monse\u00f1or Edgardo Storni, condenado por abuso sexual en el 2009, est\u00e1 aguardando mantener un contacto personal para presentarlo en la sede de los Tribunales Federales, situados en Boulevard Oro\u00f1o al 900, de esta ciudad.<\/p>\n<p style=\"text-align: justify;\">Tognoli rechaz\u00f3 en declaraciones radiales las denuncias sobre el presunto cobro de coimas para permitir la venta de drogas.<\/p>\n","protected":false},"excerpt":{"rendered":"<p>Hugo Tognoli es buscado por fuerzas nacionales e internacionales. El Juez federal Carlos Vera Barros orden\u00f3 su detenci\u00f3n. En las \u00faltimas horas trascendieron las escuchas que lo involucrar\u00edan a la venta de drogas. El ex jefe de la Polic\u00eda de Santa Fe Comisario\u00a0General Hugo Tognoli, sospechado de tener presuntos v\u00ednculos con narcotraficantes, contin\u00faa pr\u00f3fugo luego&hellip;<\/p>\n","protected":false},"author":1,"featured_media":0,"comment_status":"open","ping_status":"open","sticky":false,"template":"","format":"standard","meta":{"footnotes":""},"categories":[22],"tags":[13221,13238,204,2208,609],"class_list":["post-28632","post","type-post","status-publish","format-standard","hentry","category-policiales","tag-comisario-general-hugo-tognoli","tag-juez-federal-carlos-vera-barros","tag-narcotrafico","tag-rosario","tag-santa-fe"],"_links":{"self":[{"href":"https:\/\/www.elsindical.com.ar\/notas\/wp-json\/wp\/v2\/posts\/28632","targetHints":{"allow":["GET"]}}],"collection":[{"href":"https:\/\/www.elsindical.com.ar\/notas\/wp-json\/wp\/v2\/posts"}],"about":[{"href":"https:\/\/www.elsindical.com.ar\/notas\/wp-json\/wp\/v2\/types\/post"}],"author":[{"embeddable":true,"href":"https:\/\/www.elsindical.com.ar\/notas\/wp-json\/wp\/v2\/users\/1"}],"replies":[{"embeddable":true,"href":"https:\/\/www.elsindical.com.ar\/notas\/wp-json\/wp\/v2\/comments?post=28632"}],"version-history":[{"count":2,"href":"https:\/\/www.elsindical.com.ar\/notas\/wp-json\/wp\/v2\/posts\/28632\/revisions"}],"predecessor-version":[{"id":28635,"href":"https:\/\/www.elsindical.com.ar\/notas\/wp-json\/wp\/v2\/posts\/28632\/revisions\/28635"}],"wp:attachment":[{"href":"https:\/\/www.elsindical.com.ar\/notas\/wp-json\/wp\/v2\/media?parent=28632"}],"wp:term":[{"taxonomy":"category","embeddable":true,"href":"https:\/\/www.elsindical.com.ar\/notas\/wp-json\/wp\/v2\/categories?post=28632"},{"taxonomy":"post_tag","embeddable":true,"href":"https:\/\/www.elsindical.com.ar\/notas\/wp-json\/wp\/v2\/tags?post=28632"}],"curies":[{"name":"wp","href":"https:\/\/api.w.org\/{rel}","templated":true}]}}