{"id":28605,"date":"2012-10-19T12:50:54","date_gmt":"2012-10-19T15:50:54","guid":{"rendered":"http:\/\/www.elsindical.com.ar\/notas\/?p=28605"},"modified":"2012-10-19T12:50:54","modified_gmt":"2012-10-19T15:50:54","slug":"quitaran-el-registro-de-conducir-a-quienes-provoquen-lesiones","status":"publish","type":"post","link":"https:\/\/www.elsindical.com.ar\/notas\/quitaran-el-registro-de-conducir-a-quienes-provoquen-lesiones\/","title":{"rendered":"Quitar\u00e1n el registro de conducir a quienes provoquen lesiones"},"content":{"rendered":"<p style=\"text-align: justify;\"><em><a href=\"http:\/\/www.elsindical.com.ar\/notas\/var\/www\/html\/notas\/wp-content\/uploads\/2012\/10\/accidente-automovil\u00edstico.jpg\"><img loading=\"lazy\" decoding=\"async\" class=\"alignleft size-medium wp-image-28606\" title=\"accidente-automovil\u00edstico\" src=\"http:\/\/www.elsindical.com.ar\/notas\/var\/www\/html\/notas\/wp-content\/uploads\/2012\/10\/accidente-automovil\u00edstico-300x225.jpg\" alt=\"\" width=\"300\" height=\"225\" srcset=\"https:\/\/www.elsindical.com.ar\/notas\/var\/www\/html\/notas\/wp-content\/uploads\/2012\/10\/accidente-automovil\u00edstico-300x225.jpg 300w, https:\/\/www.elsindical.com.ar\/notas\/var\/www\/html\/notas\/wp-content\/uploads\/2012\/10\/accidente-automovil\u00edstico-399x300.jpg 399w, https:\/\/www.elsindical.com.ar\/notas\/var\/www\/html\/notas\/wp-content\/uploads\/2012\/10\/accidente-automovil\u00edstico.jpg 413w\" sizes=\"auto, (max-width: 300px) 100vw, 300px\" \/><\/a>La C\u00e1mara de Diputados bonaerense aprob\u00f3 un proyecto para quitarle la licencia de conducir a quienes hayan provocado lesiones o muerte por consecuencia del uso de automotores. La iniciativa deber\u00e1 ser sancionada ahora por el Senado.<\/em><\/p>\n<p style=\"text-align: justify;\">Las personas que hayan provocado lesiones o muerte por consecuencia del uso de automotores, perder\u00e1n la licencia de conducir, de acuerdo a un proyecto de ley que se aprob\u00f3 en la C\u00e1mara de Diputados bonaerense.<\/p>\n<p style=\"text-align: justify;\">La iniciativa, que ahora deber\u00e1 ser sancionada por el Senado, establece que ante casos de lesiones o muerte que sean consecuencia del uso de automotores el juez podr\u00e1 inhabilitar al imputado para conducir, \u00abreteni\u00e9ndole a tal efecto la licencia habilitante y comunicando la resoluci\u00f3n al Registro Nacional de Antecedentes del Tr\u00e1nsito\u00bb.<\/p>\n<p style=\"text-align: justify;\">El proyecto surgi\u00f3 a partir de la unificaci\u00f3n de dos proyectos legislativos presentados por los diputados Walter Martello (Coalici\u00f3n C\u00edvica) y Mauricio D\u2019Alessandro (Uni\u00f3n Celeste y Blanco).<\/p>\n<p style=\"text-align: justify;\">La norma destaca que la medida podr\u00e1 ser requerida por el Fiscal, el actor civil o el particular damnificado si lo hubiere, o a\u00fan de oficio \u201cluego de recibida la declaraci\u00f3n del imputado\u201d.<\/p>\n<p style=\"text-align: justify;\">Semanas atr\u00e1s, el gobierno bonaerense inhabilit\u00f3 al boxeador Rodrigo \u00abLa Hiena\u00bb Barrios para conducir veh\u00edculos, luego de que se lo condenara a 4 a\u00f1os de prisi\u00f3n por un accidente vial que termin\u00f3 con la vida de una joven embarazada en enero de 2010.<\/p>\n","protected":false},"excerpt":{"rendered":"<p>La C\u00e1mara de Diputados bonaerense aprob\u00f3 un proyecto para quitarle la licencia de conducir a quienes hayan provocado lesiones o muerte por consecuencia del uso de automotores. La iniciativa deber\u00e1 ser sancionada ahora por el Senado. Las personas que hayan provocado lesiones o muerte por consecuencia del uso de automotores, perder\u00e1n la licencia de conducir,&hellip;<\/p>\n","protected":false},"author":1,"featured_media":0,"comment_status":"open","ping_status":"open","sticky":false,"template":"","format":"standard","meta":{"footnotes":""},"categories":[13],"tags":[13225,7696,13224,564],"class_list":["post-28605","post","type-post","status-publish","format-standard","hentry","category-politica","tag-automotores","tag-camara-de-diputados-bonaerense","tag-licencia-de-conducir","tag-senado"],"_links":{"self":[{"href":"https:\/\/www.elsindical.com.ar\/notas\/wp-json\/wp\/v2\/posts\/28605","targetHints":{"allow":["GET"]}}],"collection":[{"href":"https:\/\/www.elsindical.com.ar\/notas\/wp-json\/wp\/v2\/posts"}],"about":[{"href":"https:\/\/www.elsindical.com.ar\/notas\/wp-json\/wp\/v2\/types\/post"}],"author":[{"embeddable":true,"href":"https:\/\/www.elsindical.com.ar\/notas\/wp-json\/wp\/v2\/users\/1"}],"replies":[{"embeddable":true,"href":"https:\/\/www.elsindical.com.ar\/notas\/wp-json\/wp\/v2\/comments?post=28605"}],"version-history":[{"count":1,"href":"https:\/\/www.elsindical.com.ar\/notas\/wp-json\/wp\/v2\/posts\/28605\/revisions"}],"predecessor-version":[{"id":28607,"href":"https:\/\/www.elsindical.com.ar\/notas\/wp-json\/wp\/v2\/posts\/28605\/revisions\/28607"}],"wp:attachment":[{"href":"https:\/\/www.elsindical.com.ar\/notas\/wp-json\/wp\/v2\/media?parent=28605"}],"wp:term":[{"taxonomy":"category","embeddable":true,"href":"https:\/\/www.elsindical.com.ar\/notas\/wp-json\/wp\/v2\/categories?post=28605"},{"taxonomy":"post_tag","embeddable":true,"href":"https:\/\/www.elsindical.com.ar\/notas\/wp-json\/wp\/v2\/tags?post=28605"}],"curies":[{"name":"wp","href":"https:\/\/api.w.org\/{rel}","templated":true}]}}