{"id":28533,"date":"2012-10-17T01:24:16","date_gmt":"2012-10-17T04:24:16","guid":{"rendered":"http:\/\/www.elsindical.com.ar\/notas\/?p=28533"},"modified":"2012-10-17T01:24:16","modified_gmt":"2012-10-17T04:24:16","slug":"el-ejecutivo-denuncio-a-cinco-miembros-de-la-magistratura","status":"publish","type":"post","link":"https:\/\/www.elsindical.com.ar\/notas\/el-ejecutivo-denuncio-a-cinco-miembros-de-la-magistratura\/","title":{"rendered":"El Ejecutivo denunci\u00f3 a cinco miembros de la Magistratura"},"content":{"rendered":"<p style=\"text-align: justify;\"><em><a href=\"http:\/\/www.elsindical.com.ar\/notas\/var\/www\/html\/notas\/wp-content\/uploads\/2012\/10\/Consejeros-Consejo-de-la-Magistratura-de-la-Naci\u00f3n.jpg\"><img loading=\"lazy\" decoding=\"async\" class=\"alignleft size-medium wp-image-28386\" title=\"Consejeros-Consejo-de-la-Magistratura-de-la-Naci\u00f3n\" src=\"http:\/\/www.elsindical.com.ar\/notas\/var\/www\/html\/notas\/wp-content\/uploads\/2012\/10\/Consejeros-Consejo-de-la-Magistratura-de-la-Naci\u00f3n-300x206.jpg\" alt=\"\" width=\"300\" height=\"206\" srcset=\"https:\/\/www.elsindical.com.ar\/notas\/var\/www\/html\/notas\/wp-content\/uploads\/2012\/10\/Consejeros-Consejo-de-la-Magistratura-de-la-Naci\u00f3n-300x206.jpg 300w, https:\/\/www.elsindical.com.ar\/notas\/var\/www\/html\/notas\/wp-content\/uploads\/2012\/10\/Consejeros-Consejo-de-la-Magistratura-de-la-Naci\u00f3n.jpg 502w\" sizes=\"auto, (max-width: 300px) 100vw, 300px\" \/><\/a>La denuncia, por \u201cabuso de autoridad\u201d e \u201cincumplimiento de los deberes de funcionario p\u00fablico\u201d se realiz\u00f3 a trav\u00e9s de la Procuraci\u00f3n General de la Naci\u00f3n y apunta a los consejeros Oscar Aguad y Mario Cimadevilla, los abogados Alejandro Fargosi y Daniel Ostropolsky y el juez Ricardo Recondo.<\/em><\/p>\n<p style=\"text-align: justify;\">Cinco integrantes opositores del Consejo de la Magistratura y dos integrantes de la C\u00e1mara Civil y Comercial porte\u00f1a fueron denunciados penalmente por el Gobierno como autores de una maniobra para impugnar el concurso del juez que debe fallar sobre la Ley de Medios, objetada por el grupo Clar\u00edn, y por designar jueces subrogantes.<\/p>\n<p style=\"text-align: justify;\">La denuncia, por \u201cabuso de autoridad\u201d e \u201cincumplimiento de los deberes de funcionario p\u00fablico\u201d, se realiz\u00f3 ayer a trav\u00e9s de la Procuraci\u00f3n General de la Naci\u00f3n y lleva la firma del jefe de gabinete, Juan Manuel Abal Medina, y qued\u00f3 radicada ante el nuevo juez federal n\u00famero 9, Luis Rodr\u00edguez.<\/p>\n<p style=\"text-align: justify;\">La presentaci\u00f3n apunta a los consejeros radicales Oscar Aguad y Mario Cimadevilla, los abogados Alejandro Fargosi y Daniel Ostropolsky y el juez Ricardo Recondo, quienes impugnaron en su tramo final el concurso 258 que debe designar el magistrado que falle sobre la cl\u00e1usula de desinversi\u00f3n de la Ley de Medios.<\/p>\n<p style=\"text-align: justify;\">Tambi\u00e9n pide que investigue el proceder de los camaristas , uno de los cuales es Recondo, para designar jueces subrogantes rotativos.<\/p>\n<p style=\"text-align: justify;\">El ministro de Justicia, Julio Alak, hab\u00eda anunciado que el Poder Ejecutivo le solicitar\u00e1 formalmente a la Corte Suprema de Justicia de la Naci\u00f3n que \u00abse avoque a resolver la irregularidad\u00bb que constituye el bloqueo \u00abinjustificado y arbitrario\u00bb por parte de un grupo de integrantes del Consejo de la Magistratura para la designaci\u00f3n de jueces \u00abnaturales y constitucionales\u00bb de la C\u00e1mara Civil y Comercial.<\/p>\n<p style=\"text-align: justify;\">El Consejo de la Magistratura resolver\u00e1 hoy una nueva fecha de reuni\u00f3n. La agenda del cuerpo ser\u00e1 resuelta a partir de las 10 cuando, tras las reuniones de comisiones de acusaci\u00f3n y de selecci\u00f3n, sesione la comisi\u00f3n de labor que encabeza el presidente del Consejo, Mario Fera en una reuni\u00f3n que se ya anunci\u00f3 como cerrada al p\u00fablico.<\/p>\n<p style=\"text-align: justify;\">El tema exclusivo del plenario del consejo es, desde hace tres semanas, el concurso 258, del que deben surgir las ternas para cinco juzgados civiles y comerciales federales de la Capital vacantes, el primero de los cuales tiene en tr\u00e1mite el pedido de inconstitucionalidad que hizo el Grupo Clarin al articulo 161 de la Ley de Medios.<\/p>\n<p style=\"text-align: justify;\">La Corte Suprema estableci\u00f3 la fecha del 7 de diciembre como tope para la vigencia de una medida cautelar que tiene bloqueada la aplicaci\u00f3n de la ley desde hace dos a\u00f1os y medio.<\/p>\n","protected":false},"excerpt":{"rendered":"<p>La denuncia, por \u201cabuso de autoridad\u201d e \u201cincumplimiento de los deberes de funcionario p\u00fablico\u201d se realiz\u00f3 a trav\u00e9s de la Procuraci\u00f3n General de la Naci\u00f3n y apunta a los consejeros Oscar Aguad y Mario Cimadevilla, los abogados Alejandro Fargosi y Daniel Ostropolsky y el juez Ricardo Recondo. Cinco integrantes opositores del Consejo de la Magistratura&hellip;<\/p>\n","protected":false},"author":1,"featured_media":0,"comment_status":"open","ping_status":"open","sticky":false,"template":"","format":"standard","meta":{"footnotes":""},"categories":[6],"tags":[4468,776,13199,6683,13198,821,4638],"class_list":["post-28533","post","type-post","status-publish","format-standard","hentry","category-denuncias","tag-alejandro-fargosi","tag-consejo-de-la-magistratura","tag-daniel-ostropolsky","tag-mario-cimadevilla","tag-oscar-aguad","tag-procuracion-general-de-la-nacion","tag-ricardo-recondo"],"_links":{"self":[{"href":"https:\/\/www.elsindical.com.ar\/notas\/wp-json\/wp\/v2\/posts\/28533","targetHints":{"allow":["GET"]}}],"collection":[{"href":"https:\/\/www.elsindical.com.ar\/notas\/wp-json\/wp\/v2\/posts"}],"about":[{"href":"https:\/\/www.elsindical.com.ar\/notas\/wp-json\/wp\/v2\/types\/post"}],"author":[{"embeddable":true,"href":"https:\/\/www.elsindical.com.ar\/notas\/wp-json\/wp\/v2\/users\/1"}],"replies":[{"embeddable":true,"href":"https:\/\/www.elsindical.com.ar\/notas\/wp-json\/wp\/v2\/comments?post=28533"}],"version-history":[{"count":1,"href":"https:\/\/www.elsindical.com.ar\/notas\/wp-json\/wp\/v2\/posts\/28533\/revisions"}],"predecessor-version":[{"id":28534,"href":"https:\/\/www.elsindical.com.ar\/notas\/wp-json\/wp\/v2\/posts\/28533\/revisions\/28534"}],"wp:attachment":[{"href":"https:\/\/www.elsindical.com.ar\/notas\/wp-json\/wp\/v2\/media?parent=28533"}],"wp:term":[{"taxonomy":"category","embeddable":true,"href":"https:\/\/www.elsindical.com.ar\/notas\/wp-json\/wp\/v2\/categories?post=28533"},{"taxonomy":"post_tag","embeddable":true,"href":"https:\/\/www.elsindical.com.ar\/notas\/wp-json\/wp\/v2\/tags?post=28533"}],"curies":[{"name":"wp","href":"https:\/\/api.w.org\/{rel}","templated":true}]}}