{"id":28351,"date":"2012-10-10T19:56:43","date_gmt":"2012-10-10T22:56:43","guid":{"rendered":"http:\/\/www.elsindical.com.ar\/notas\/?p=28351"},"modified":"2012-10-10T19:56:43","modified_gmt":"2012-10-10T22:56:43","slug":"masiva-protesta-del-sindicalismo-opositor-en-plaza-de-mayo","status":"publish","type":"post","link":"https:\/\/www.elsindical.com.ar\/notas\/masiva-protesta-del-sindicalismo-opositor-en-plaza-de-mayo\/","title":{"rendered":"Masiva protesta del sindicalismo opositor en Plaza de Mayo"},"content":{"rendered":"<p style=\"text-align: justify;\"><em><a href=\"http:\/\/www.elsindical.com.ar\/notas\/var\/www\/html\/notas\/wp-content\/uploads\/2012\/10\/Plaza-de-Mayo-CTA.jpg\"><img loading=\"lazy\" decoding=\"async\" class=\"alignleft size-medium wp-image-28352\" title=\"Plaza-de-Mayo-CTA\" src=\"http:\/\/www.elsindical.com.ar\/notas\/var\/www\/html\/notas\/wp-content\/uploads\/2012\/10\/Plaza-de-Mayo-CTA-300x200.jpg\" alt=\"\" width=\"300\" height=\"200\" srcset=\"https:\/\/www.elsindical.com.ar\/notas\/var\/www\/html\/notas\/wp-content\/uploads\/2012\/10\/Plaza-de-Mayo-CTA-300x200.jpg 300w, https:\/\/www.elsindical.com.ar\/notas\/var\/www\/html\/notas\/wp-content\/uploads\/2012\/10\/Plaza-de-Mayo-CTA.jpg 443w\" sizes=\"auto, (max-width: 300px) 100vw, 300px\" \/><\/a>El reclamo fue convocado por la CTA de Micheli, pero adhieren tambi\u00e9n Camioneros, la Federaci\u00f3n Agraria y otros gremios. En la plaza hubo entre 40 y 50.000 personas que marcharon desde distintos puntos de la Ciudad.<\/em><\/p>\n<p style=\"text-align: justify;\">Una multitud cop\u00f3 la Plaza de Mayo para participar del acto convocado por la CTA de Pablo Micheli, y en la que hubo varios sectores del sindicalismo opositor, donde reclamaron al Gobierno, entre otras cosas, el aumento del salario m\u00ednimo y la actualizaci\u00f3n del m\u00ednimo no imponible del impuesto a las ganancias sobre el salario.<\/p>\n<p style=\"text-align: justify;\">Del acto participaron, entre otros, Camioneros y la Federaci\u00f3n Agraria, que adhirieron a la convocatoria. Hubo entre 40 y 50 mil personas que colmaron la mitad de la Plaza. En el acto hubo todo tipo de carteles y pancartas. Se vieron claramente las columnas sindicales y las agrupaciones piqueteras (Barrios de pie y otros opositores), que ocuparon distintos sectores.<\/p>\n<p style=\"text-align: justify;\">El d\u00eda de hoy fue ca\u00f3tico para el tr\u00e1nsito de Capital y Gran Buenos Aires por los distintos cortes en el marco de la jornada de protestas. Por la ma\u00f1ana, los accesos a Buenos Aires, varios de la Ciudad y el conurbano se encontraban bloqueados en puntos como los puentes Pueyrred\u00f3n, La Noria y Saavedra, as\u00ed como en el cruce de las avenidas General Paz y Constituyentes, la avenida Richieri y la autopista Buenos Aires-La Plata.<\/p>\n<p style=\"text-align: justify;\">En el conurbano, los cortes se multiplicaban en el cruce de la avenida Gaona y Vergara, las rotondas de Varela y San Justo, Puente 12 y Richieri, Ruta 8 y 202 en General Pacheco y cruce de las rutas 6 y 9, en Campana. Tambi\u00e9n hab\u00eda bloqueos en Mar del Plata, en los empalmes de las rutas 2, 88 y 226, y esta tarde habr\u00e1 una marcha hacia la Municipalidad local.<\/p>\n<p style=\"text-align: justify;\">Sin embargo, pasadas las 13 horas, los cortes en los accesos se mudaron hacia el centro porte\u00f1o, lo que increment\u00f3 a\u00fan m\u00e1s el caos vehicular en la Capital. As\u00ed se pudo observar en <a href=\"http:\/\/movilidad.buenosaires.gob.ar\/mapa-corte-calles\/\">la p\u00e1gina del Gobierno porte\u00f1o<\/a> que monitorea la movilidad de la Ciudad en tiempo real.<\/p>\n<p style=\"text-align: justify;\">Adem\u00e1s de las movilizaciones, hay paro en escuelas de 12 provincias y en dependencias y organismos del Estado en donde tiene mayor presencia ATE, el principal gremio de esta central opositora.<\/p>\n<p style=\"text-align: justify;\">Ayer Hugo Moyano lo llam\u00f3 a Micheli para dejarle en claro que su ausencia no pon\u00eda en riesgo el fuerte apoyo de su sector a la movilizaci\u00f3n: Camioneros prometi\u00f3 una columna de \u201c20.000 trabajadores\u201d, encabezados por Pablo Moyano.<\/p>\n<p style=\"text-align: justify;\">En tanto, el Ministerio de Seguridad critic\u00f3 hoy la marcha al considerar que la convocatoria \u201cs\u00f3lo tiende a generar conflictos y graves problemas al tr\u00e1nsito\u201d, y advirti\u00f3 que la Polic\u00eda Federal \u00abs\u00f3lo se abocar\u00e1 a reordenar\u00bb la circulaci\u00f3n.<\/p>\n<p style=\"text-align: justify;\">\u201cEste Ministerio llama a la reflexi\u00f3n a los organizadores de dicho acto ante el caos que van a producir hoy en la ciudad, complicando la vida de miles de ciudadanos. Asimismo informa que la seguridad del acto est\u00e1 a cargo exclusivamente de sus organizadores\u00bb, indic\u00f3 la cartera que conduce Nilda Garr\u00e9 en un comunicado.<\/p>\n","protected":false},"excerpt":{"rendered":"<p>El reclamo fue convocado por la CTA de Micheli, pero adhieren tambi\u00e9n Camioneros, la Federaci\u00f3n Agraria y otros gremios. En la plaza hubo entre 40 y 50.000 personas que marcharon desde distintos puntos de la Ciudad. Una multitud cop\u00f3 la Plaza de Mayo para participar del acto convocado por la CTA de Pablo Micheli, y&hellip;<\/p>\n","protected":false},"author":1,"featured_media":0,"comment_status":"open","ping_status":"open","sticky":false,"template":"","format":"standard","meta":{"footnotes":""},"categories":[13],"tags":[13117,1298,184,666,4023],"class_list":["post-28351","post","type-post","status-publish","format-standard","hentry","category-politica","tag-agraria","tag-camioneros","tag-cta","tag-gremios","tag-pablo-micheli"],"_links":{"self":[{"href":"https:\/\/www.elsindical.com.ar\/notas\/wp-json\/wp\/v2\/posts\/28351","targetHints":{"allow":["GET"]}}],"collection":[{"href":"https:\/\/www.elsindical.com.ar\/notas\/wp-json\/wp\/v2\/posts"}],"about":[{"href":"https:\/\/www.elsindical.com.ar\/notas\/wp-json\/wp\/v2\/types\/post"}],"author":[{"embeddable":true,"href":"https:\/\/www.elsindical.com.ar\/notas\/wp-json\/wp\/v2\/users\/1"}],"replies":[{"embeddable":true,"href":"https:\/\/www.elsindical.com.ar\/notas\/wp-json\/wp\/v2\/comments?post=28351"}],"version-history":[{"count":1,"href":"https:\/\/www.elsindical.com.ar\/notas\/wp-json\/wp\/v2\/posts\/28351\/revisions"}],"predecessor-version":[{"id":28353,"href":"https:\/\/www.elsindical.com.ar\/notas\/wp-json\/wp\/v2\/posts\/28351\/revisions\/28353"}],"wp:attachment":[{"href":"https:\/\/www.elsindical.com.ar\/notas\/wp-json\/wp\/v2\/media?parent=28351"}],"wp:term":[{"taxonomy":"category","embeddable":true,"href":"https:\/\/www.elsindical.com.ar\/notas\/wp-json\/wp\/v2\/categories?post=28351"},{"taxonomy":"post_tag","embeddable":true,"href":"https:\/\/www.elsindical.com.ar\/notas\/wp-json\/wp\/v2\/tags?post=28351"}],"curies":[{"name":"wp","href":"https:\/\/api.w.org\/{rel}","templated":true}]}}