{"id":28267,"date":"2012-10-09T00:50:44","date_gmt":"2012-10-09T03:50:44","guid":{"rendered":"http:\/\/www.elsindical.com.ar\/notas\/?p=28267"},"modified":"2012-10-09T00:50:44","modified_gmt":"2012-10-09T03:50:44","slug":"efemeridesdel-dia-9-de-octubre-3","status":"publish","type":"post","link":"https:\/\/www.elsindical.com.ar\/notas\/efemeridesdel-dia-9-de-octubre-3\/","title":{"rendered":"EFEM\u00c9RIDES:DEL D\u00cdA 9 DE OCTUBRE"},"content":{"rendered":"<p style=\"text-align: justify;\"><a href=\"http:\/\/www.elsindical.com.ar\/notas\/var\/www\/html\/notas\/wp-content\/uploads\/2010\/06\/Che-Guevara.jpg\"><img loading=\"lazy\" decoding=\"async\" class=\"alignleft size-full wp-image-7309\" title=\"Che-Guevara\" src=\"http:\/\/www.elsindical.com.ar\/notas\/var\/www\/html\/notas\/wp-content\/uploads\/2010\/06\/Che-Guevara.jpg\" alt=\"\" width=\"236\" height=\"205\" \/><\/a>En otro 9 de octubre pero de 1967, Ernesto \u00abChe\u00bb Guevara muere a manos de militares bolivianos. El guerrillero hab\u00eda sido herido en combate y hecho prisionero el d\u00eda anterior.<\/p>\n<p style=\"text-align: justify;\">1547- Miguel de Cervantes es bautizado en Alcal\u00e1 de Henares.<\/p>\n<p style=\"text-align: justify;\">Algunos investigadores apuntan como fecha de su nacimiento el 29 de septiembre.<\/p>\n<p style=\"text-align: justify;\">1820- Los ecuatorianos suscriben en Guayaquil el Acta de Independencia de su pa\u00eds.<\/p>\n<p style=\"text-align: justify;\">1835- Nace Charles Camille Saint-Saens, compositor franc\u00e9s.<\/p>\n<p style=\"text-align: justify;\">1841- El general argentino Juan Lavalle, asesinado por los partidarios del tirano Juan Manuel de Rosas.<\/p>\n<p style=\"text-align: justify;\">1874- Convenio Internacional de Berna, conocido por Uni\u00f3n Postal Universal.<\/p>\n<p style=\"text-align: justify;\">1906- Nace Leopold Sedar Senghor, poeta y estadista senegal\u00e9s.<\/p>\n<p style=\"text-align: justify;\">1908- Nace Jacques Tati, cineasta franc\u00e9s.<\/p>\n<p style=\"text-align: justify;\">1909- Nace Jos\u00e9 Antonio Mu\u00f1oz Rojas, poeta y escritor espa\u00f1ol.<\/p>\n<p style=\"text-align: justify;\">1913- Comienza la guerra entre Turqu\u00eda y los Estados Balc\u00e1nicos (Bulgaria, Grecia, Montenegro y Serbia).<\/p>\n<p style=\"text-align: justify;\">1915- Las tropas alemanas y austr\u00edacas toman Belgrado.<\/p>\n<p style=\"text-align: justify;\">1918- Nace Ram\u00f3n Vald\u00e9s Amaro, &#8216;Bebo Vald\u00e9s&#8217;, m\u00fasico cubano.<\/p>\n<p style=\"text-align: justify;\">1922- Nace Olga Guillot, cantante cubana.<\/p>\n<p style=\"text-align: justify;\">1934- Nace Jacobo Majluta Azar, dominicano, fundador y presidente del Partido Revolucionario Independiente (PRI).<\/p>\n<p style=\"text-align: justify;\">1940- Nace John Lennon, cantante de The Beatles.<\/p>\n<p style=\"text-align: justify;\">1941- Golpe de Estado incruento en Panam\u00e1, que lleva al poder a Ricardo Adolfo de la Guardia.<\/p>\n<p style=\"text-align: justify;\">1957- El presidente Dwight Eisenhower promulga una nueva ley sobre los derechos civiles de la poblaci\u00f3n negra estadounidense.<\/p>\n<p style=\"text-align: justify;\">1958- Muere Eugenio Pacelli, italiano, P\u00edo XII.<\/p>\n<p style=\"text-align: justify;\">1961- Declarado fuera de la ley el Partido Comunista en EEUU.<\/p>\n<p style=\"text-align: justify;\">1963- El tif\u00f3n Flora azota Cuba y Hait\u00ed durante tres d\u00edas y causa m\u00e1s de 6.000 muertos.<\/p>\n<p style=\"text-align: justify;\">1964- Nace Guillermo del Toro, director de cine mexicano.<\/p>\n<p style=\"text-align: justify;\">1966- Nace David Camer\u00f3n, primer ministro y l\u00edder del Partido Conservador brit\u00e1nico.<\/p>\n<p style=\"text-align: justify;\">1972- El piloto brasile\u00f1o Emerson Fittipaldi, campe\u00f3n mundial de F\u00f3rmula 1.<\/p>\n<p style=\"text-align: justify;\">1995- Muere Sir Alec Douglas Home, pol\u00edtico brit\u00e1nico.<\/p>\n<p style=\"text-align: justify;\">1999- Muere Morris West, escritor australiano.<\/p>\n<p style=\"text-align: justify;\">1999- Muere Joao Cabral de Mello, poeta brasile\u00f1o.<\/p>\n<p style=\"text-align: justify;\">2000- El sueco Arvid Carlsson y los estadounidenses Paul Greengard y Eric Kandel comparten el Premio Nobel de Medicina.<\/p>\n<p style=\"text-align: justify;\">2001- Belice y Guatemala sufren el paso del hurac\u00e1n \u00abIris\u00bb, que provoca varios muertos y cientos de damnificados.<\/p>\n<p style=\"text-align: justify;\">2001- Macedonia decreta la amnist\u00eda a la guerrilla albanesa, que accedi\u00f3 a entregar sus armas a la OTAN.<\/p>\n<p style=\"text-align: justify;\">2001- Muere Roberto Campos, pol\u00edtico brasile\u00f1o y miembro de la Academia Brasile\u00f1a de Letras.<\/p>\n<p style=\"text-align: justify;\">2002- La Comisi\u00f3n Europea pone en marcha la Europa de los 25 miembros.<\/p>\n<p style=\"text-align: justify;\">2004- Hamid Karzai se proclama vencedor de las primeras elecciones en Afganist\u00e1n tras la ca\u00edda del r\u00e9gimen talib\u00e1n.<\/p>\n<p style=\"text-align: justify;\">2004- Muere Jacques Derrida, fil\u00f3sofo franc\u00e9s.<\/p>\n<p style=\"text-align: justify;\">2005- Un alud de lodo causado por la tormenta \u00abStan\u00bb causa m\u00e1s de 600 muertos y 3.000 desaparecidos en las aldeas ind\u00edgenas del lago Atitl\u00e1n en Guatemala.<\/p>\n<p style=\"text-align: justify;\">2006- Corea del Norte anuncia que ha efectuado con \u00e9xito una prueba nuclear, que la Comunidad internacional rechaza.<\/p>\n<p style=\"text-align: justify;\">2006- El Consejo de Seguridad de la ONU designa al surcoreano Ban Ki-Moon, secretario general.<\/p>\n<p style=\"text-align: justify;\">2008- Mueren 14 personas en atentado de Sendero Luminoso contra un convoy de camiones que transportaba a militares y civiles en el departamento de Huancavelica (Per\u00fa).<\/p>\n<p style=\"text-align: justify;\">2009- El presidente de EEUU, Barack Obama, premio Nobel de la Paz.<\/p>\n<p style=\"text-align: justify;\">2009- Muere Arturo \u00abZambo\u00bb Cavero, cantante de m\u00fasica criolla peruano.<\/p>\n","protected":false},"excerpt":{"rendered":"<p>En otro 9 de octubre pero de 1967, Ernesto \u00abChe\u00bb Guevara muere a manos de militares bolivianos. El guerrillero hab\u00eda sido herido en combate y hecho prisionero el d\u00eda anterior. 1547- Miguel de Cervantes es bautizado en Alcal\u00e1 de Henares. Algunos investigadores apuntan como fecha de su nacimiento el 29 de septiembre. 1820- Los ecuatorianos&hellip;<\/p>\n","protected":false},"author":1,"featured_media":0,"comment_status":"open","ping_status":"open","sticky":false,"template":"","format":"standard","meta":{"footnotes":""},"categories":[14],"tags":[],"class_list":["post-28267","post","type-post","status-publish","format-standard","hentry","category-efemerides"],"_links":{"self":[{"href":"https:\/\/www.elsindical.com.ar\/notas\/wp-json\/wp\/v2\/posts\/28267","targetHints":{"allow":["GET"]}}],"collection":[{"href":"https:\/\/www.elsindical.com.ar\/notas\/wp-json\/wp\/v2\/posts"}],"about":[{"href":"https:\/\/www.elsindical.com.ar\/notas\/wp-json\/wp\/v2\/types\/post"}],"author":[{"embeddable":true,"href":"https:\/\/www.elsindical.com.ar\/notas\/wp-json\/wp\/v2\/users\/1"}],"replies":[{"embeddable":true,"href":"https:\/\/www.elsindical.com.ar\/notas\/wp-json\/wp\/v2\/comments?post=28267"}],"version-history":[{"count":1,"href":"https:\/\/www.elsindical.com.ar\/notas\/wp-json\/wp\/v2\/posts\/28267\/revisions"}],"predecessor-version":[{"id":28268,"href":"https:\/\/www.elsindical.com.ar\/notas\/wp-json\/wp\/v2\/posts\/28267\/revisions\/28268"}],"wp:attachment":[{"href":"https:\/\/www.elsindical.com.ar\/notas\/wp-json\/wp\/v2\/media?parent=28267"}],"wp:term":[{"taxonomy":"category","embeddable":true,"href":"https:\/\/www.elsindical.com.ar\/notas\/wp-json\/wp\/v2\/categories?post=28267"},{"taxonomy":"post_tag","embeddable":true,"href":"https:\/\/www.elsindical.com.ar\/notas\/wp-json\/wp\/v2\/tags?post=28267"}],"curies":[{"name":"wp","href":"https:\/\/api.w.org\/{rel}","templated":true}]}}