{"id":28255,"date":"2012-10-08T12:48:17","date_gmt":"2012-10-08T15:48:17","guid":{"rendered":"http:\/\/www.elsindical.com.ar\/notas\/?p=28255"},"modified":"2012-10-08T14:24:22","modified_gmt":"2012-10-08T17:24:22","slug":"el-congreso-distinguira-a-federico-luppi","status":"publish","type":"post","link":"https:\/\/www.elsindical.com.ar\/notas\/el-congreso-distinguira-a-federico-luppi\/","title":{"rendered":"El Congreso distinguir\u00e1 a Federico Luppi?"},"content":{"rendered":"<p style=\"text-align: justify;\">\u00a0 <a href=\"http:\/\/www.elsindical.com.ar\/notas\/var\/www\/html\/notas\/wp-content\/uploads\/2012\/10\/distinci\u00f3n-a-Federico-Lupi.jpg\"><img loading=\"lazy\" decoding=\"async\" class=\"alignleft size-medium wp-image-28256\" title=\"distinci\u00f3n-a-Federico-Lupi\" src=\"http:\/\/www.elsindical.com.ar\/notas\/var\/www\/html\/notas\/wp-content\/uploads\/2012\/10\/distinci\u00f3n-a-Federico-Lupi-300x233.jpg\" alt=\"\" width=\"300\" height=\"233\" srcset=\"https:\/\/www.elsindical.com.ar\/notas\/var\/www\/html\/notas\/wp-content\/uploads\/2012\/10\/distinci\u00f3n-a-Federico-Lupi-300x233.jpg 300w, https:\/\/www.elsindical.com.ar\/notas\/var\/www\/html\/notas\/wp-content\/uploads\/2012\/10\/distinci\u00f3n-a-Federico-Lupi.jpg 511w\" sizes=\"auto, (max-width: 300px) 100vw, 300px\" \/><\/a><em>Ma\u00f1ana a partir de las 19:00 hs. el Congreso de la Naci\u00f3n, distinguir\u00e1 al actor Federico Luppi, con el premio Dr. N\u00e9stor Kirchner, por su trayectoria como personalidad destacada, en el Sal\u00f3n de los Pasos Perdidos. La invitaci\u00f3n la preside el presidente de la C\u00e1mara de Diputados el Dr. Juli\u00e1n \u00c1ndres Dom\u00ednguez y el Diputado Nacional Ing. Agust\u00edn Rossi.<\/em><\/p>\n<p style=\"text-align: justify;\">Federico Luppi, hoy casado con la actriz espa\u00f1ola Susana Hornos, tuvo otros matrimonios, con Hayd\u00e9e Padilla tuvo un hijo y una hija, y un hijo con la actriz uruguaya Brenda Accinelli, al que le regatea la pensi\u00f3n alimenticia asegurando no tener dinero, ser un anciano que vive con lo justo y no querer tener contacto con el joven. Dilatando con excusas cualquier decisi\u00f3n judicial para adecuar la cuota alimentaria y as\u00ed cubrir las necesidades b\u00e1sicas.<\/p>\n<p style=\"text-align: justify;\">Parece algo ir\u00f3nico destacar a un personaje con semejante conducta para con un hijo de solo 13 a\u00f1os, ya que premios por su trabajo los hay y no son tantos los obtenidos por un actor que ha tenido una carrera prol\u00edfica.<\/p>\n<p style=\"text-align: justify;\">Un premio desde una de las instituciones que forman parte de la Rep\u00fablica, debiera ser una distinci\u00f3n a la trayectoria y al ciudadano, un ejemplo y no un premio para figuretis funcionales que realizan cortos y publicidades por los derechos humanos y luego hacen todo lo contrario en sus vidas.<\/p>\n<p style=\"text-align: justify;\">Existen miles de argentinos que podr\u00edan ser premiados por su conducta, por su valent\u00eda y entrega a la sociedad, esos ejemplos deber\u00edan ser destacados en lugar de alguien que desde hace a\u00f1os posee la ciudadan\u00eda espa\u00f1ola y vive en el exterior disfrutando del dinero que no dej\u00f3 en el pa\u00eds.<\/p>\n<p style=\"text-align: justify;\"><em><strong>Por Marcelo Ricardo Hawrylciw<\/strong><\/em><\/p>\n","protected":false},"excerpt":{"rendered":"<p>\u00a0 Ma\u00f1ana a partir de las 19:00 hs. el Congreso de la Naci\u00f3n, distinguir\u00e1 al actor Federico Luppi, con el premio Dr. N\u00e9stor Kirchner, por su trayectoria como personalidad destacada, en el Sal\u00f3n de los Pasos Perdidos. La invitaci\u00f3n la preside el presidente de la C\u00e1mara de Diputados el Dr. Juli\u00e1n \u00c1ndres Dom\u00ednguez y el&hellip;<\/p>\n","protected":false},"author":1,"featured_media":0,"comment_status":"open","ping_status":"open","sticky":false,"template":"","format":"standard","meta":{"footnotes":""},"categories":[10],"tags":[13074,1481,13072,5132,13073],"class_list":["post-28255","post","type-post","status-publish","format-standard","hentry","category-editorial","tag-agustin-rossi","tag-congreso-de-la-nacion","tag-dr-nestor-kirchner","tag-federico-luppi","tag-julian-andres-dominguez"],"_links":{"self":[{"href":"https:\/\/www.elsindical.com.ar\/notas\/wp-json\/wp\/v2\/posts\/28255","targetHints":{"allow":["GET"]}}],"collection":[{"href":"https:\/\/www.elsindical.com.ar\/notas\/wp-json\/wp\/v2\/posts"}],"about":[{"href":"https:\/\/www.elsindical.com.ar\/notas\/wp-json\/wp\/v2\/types\/post"}],"author":[{"embeddable":true,"href":"https:\/\/www.elsindical.com.ar\/notas\/wp-json\/wp\/v2\/users\/1"}],"replies":[{"embeddable":true,"href":"https:\/\/www.elsindical.com.ar\/notas\/wp-json\/wp\/v2\/comments?post=28255"}],"version-history":[{"count":2,"href":"https:\/\/www.elsindical.com.ar\/notas\/wp-json\/wp\/v2\/posts\/28255\/revisions"}],"predecessor-version":[{"id":28262,"href":"https:\/\/www.elsindical.com.ar\/notas\/wp-json\/wp\/v2\/posts\/28255\/revisions\/28262"}],"wp:attachment":[{"href":"https:\/\/www.elsindical.com.ar\/notas\/wp-json\/wp\/v2\/media?parent=28255"}],"wp:term":[{"taxonomy":"category","embeddable":true,"href":"https:\/\/www.elsindical.com.ar\/notas\/wp-json\/wp\/v2\/categories?post=28255"},{"taxonomy":"post_tag","embeddable":true,"href":"https:\/\/www.elsindical.com.ar\/notas\/wp-json\/wp\/v2\/tags?post=28255"}],"curies":[{"name":"wp","href":"https:\/\/api.w.org\/{rel}","templated":true}]}}