{"id":28247,"date":"2012-10-08T11:53:27","date_gmt":"2012-10-08T14:53:27","guid":{"rendered":"http:\/\/www.elsindical.com.ar\/notas\/?p=28247"},"modified":"2012-10-08T11:53:27","modified_gmt":"2012-10-08T14:53:27","slug":"los-polvorinesaparecio-muerto-un-hombre-que-desaparecio-el-viernes-pasado","status":"publish","type":"post","link":"https:\/\/www.elsindical.com.ar\/notas\/los-polvorinesaparecio-muerto-un-hombre-que-desaparecio-el-viernes-pasado\/","title":{"rendered":"Los Polvorines:Apareci\u00f3 muerto un hombre que desapareci\u00f3 el viernes pasado"},"content":{"rendered":"<p style=\"text-align: justify;\"><em><a href=\"http:\/\/www.elsindical.com.ar\/notas\/var\/www\/html\/notas\/wp-content\/uploads\/2012\/10\/hijastra-asesinado-en-Los-Polvorines.jpg\"><img loading=\"lazy\" decoding=\"async\" class=\"alignleft size-medium wp-image-28248\" title=\"hijastra-asesinado-en-Los-Polvorines\" src=\"http:\/\/www.elsindical.com.ar\/notas\/var\/www\/html\/notas\/wp-content\/uploads\/2012\/10\/hijastra-asesinado-en-Los-Polvorines-300x158.jpg\" alt=\"\" width=\"300\" height=\"158\" srcset=\"https:\/\/www.elsindical.com.ar\/notas\/var\/www\/html\/notas\/wp-content\/uploads\/2012\/10\/hijastra-asesinado-en-Los-Polvorines-300x158.jpg 300w, https:\/\/www.elsindical.com.ar\/notas\/var\/www\/html\/notas\/wp-content\/uploads\/2012\/10\/hijastra-asesinado-en-Los-Polvorines.jpg 443w\" sizes=\"auto, (max-width: 300px) 100vw, 300px\" \/><\/a>BalsaSe trata de <strong>Walter Dar\u00edo Alfano<\/strong>, cuyo cuerpo fue hallado en las \u00faltimas horas en un pozo ciego en la localidad de <strong>Los Polvorines<\/strong>. La semana pasada hab\u00eda salido de su casa para venderle el auto a un vecino y no regres\u00f3.<\/em><\/p>\n<p style=\"text-align: justify;\">Un empleado municipal que era buscado desde el viernes pasado fue encontrado asesinado con dos impactos de bala en un pozo ciego de una casa de Los Polvorines, en el partido de Malvinas Argentinas.<\/p>\n<p style=\"text-align: justify;\">Un jefe policial inform\u00f3 a <em>DyN<\/em> que la v\u00edctima, <strong>Walter Dar\u00edo Alfano, de 46 a\u00f1os<\/strong>, sali\u00f3 de su casa en la tarde del viernes aparentemente para venderle su viejo Ford Falcon, por 6.000 pesos, a un joven que viv\u00eda a unas cuatro cuadras, y no regres\u00f3.<\/p>\n<p style=\"text-align: justify;\">La esposa de Alfano radic\u00f3 la denuncia y efectivos de la Distrital de Malvinas Argentinas, con perros especialmente adiestrados para buscar personas,<strong> hallaron ayer al mediod\u00eda su cuerpo en el pozo ciego de la casa que habitaba el joven que supuestamente le iba a comprar el coche<\/strong>.<\/p>\n<p style=\"text-align: justify;\">Los habitantes de la casa, hab\u00edan negado a sus familiares el haber visto al hombre desaparecido, si bien la familia denunci\u00f3 el hecho el d\u00eda viernes, la polic\u00eda recien pudo hacer el allanamiento el d\u00eda domingo, donde hallaron el cuerpo y se encuentran pr\u00f3fugos los habitantes, la hijastra del hombre asesinado identifico al pr\u00f3fugo y supuesto comprador del auto como<strong> Braian Balsano<\/strong>, un joven que no tiene buena junta.<\/p>\n","protected":false},"excerpt":{"rendered":"<p>BalsaSe trata de Walter Dar\u00edo Alfano, cuyo cuerpo fue hallado en las \u00faltimas horas en un pozo ciego en la localidad de Los Polvorines. La semana pasada hab\u00eda salido de su casa para venderle el auto a un vecino y no regres\u00f3. Un empleado municipal que era buscado desde el viernes pasado fue encontrado asesinado&hellip;<\/p>\n","protected":false},"author":1,"featured_media":0,"comment_status":"open","ping_status":"open","sticky":false,"template":"","format":"standard","meta":{"footnotes":""},"categories":[22],"tags":[138,13069,2385,788,6818,13068,13067],"class_list":["post-28247","post","type-post","status-publish","format-standard","hentry","category-policiales","tag-allanamiento","tag-braian-balsano","tag-desaparecido","tag-fiscalia","tag-hijastra","tag-pozo-ciego","tag-walter-dario-alfano"],"_links":{"self":[{"href":"https:\/\/www.elsindical.com.ar\/notas\/wp-json\/wp\/v2\/posts\/28247","targetHints":{"allow":["GET"]}}],"collection":[{"href":"https:\/\/www.elsindical.com.ar\/notas\/wp-json\/wp\/v2\/posts"}],"about":[{"href":"https:\/\/www.elsindical.com.ar\/notas\/wp-json\/wp\/v2\/types\/post"}],"author":[{"embeddable":true,"href":"https:\/\/www.elsindical.com.ar\/notas\/wp-json\/wp\/v2\/users\/1"}],"replies":[{"embeddable":true,"href":"https:\/\/www.elsindical.com.ar\/notas\/wp-json\/wp\/v2\/comments?post=28247"}],"version-history":[{"count":2,"href":"https:\/\/www.elsindical.com.ar\/notas\/wp-json\/wp\/v2\/posts\/28247\/revisions"}],"predecessor-version":[{"id":28250,"href":"https:\/\/www.elsindical.com.ar\/notas\/wp-json\/wp\/v2\/posts\/28247\/revisions\/28250"}],"wp:attachment":[{"href":"https:\/\/www.elsindical.com.ar\/notas\/wp-json\/wp\/v2\/media?parent=28247"}],"wp:term":[{"taxonomy":"category","embeddable":true,"href":"https:\/\/www.elsindical.com.ar\/notas\/wp-json\/wp\/v2\/categories?post=28247"},{"taxonomy":"post_tag","embeddable":true,"href":"https:\/\/www.elsindical.com.ar\/notas\/wp-json\/wp\/v2\/tags?post=28247"}],"curies":[{"name":"wp","href":"https:\/\/api.w.org\/{rel}","templated":true}]}}