{"id":28203,"date":"2012-10-06T12:10:19","date_gmt":"2012-10-06T15:10:19","guid":{"rendered":"http:\/\/www.elsindical.com.ar\/notas\/?p=28203"},"modified":"2012-10-06T12:10:19","modified_gmt":"2012-10-06T15:10:19","slug":"san-fernandocomienzan-a-vigilar-desde-el-puesto-policial-del-barrio-crisol","status":"publish","type":"post","link":"https:\/\/www.elsindical.com.ar\/notas\/san-fernandocomienzan-a-vigilar-desde-el-puesto-policial-del-barrio-crisol\/","title":{"rendered":"San Fernando:Comienzan a vigilar desde el puesto policial del barrio Crisol"},"content":{"rendered":"<p style=\"text-align: justify;\"><em><a href=\"http:\/\/www.elsindical.com.ar\/notas\/var\/www\/html\/notas\/wp-content\/uploads\/2012\/10\/puesto-policial-de-San-Fernando.jpg\"><img loading=\"lazy\" decoding=\"async\" class=\"alignleft size-medium wp-image-28204\" title=\"puesto-policial-de-San-Fernando\" src=\"http:\/\/www.elsindical.com.ar\/notas\/var\/www\/html\/notas\/wp-content\/uploads\/2012\/10\/puesto-policial-de-San-Fernando-300x206.jpg\" alt=\"\" width=\"300\" height=\"206\" srcset=\"https:\/\/www.elsindical.com.ar\/notas\/var\/www\/html\/notas\/wp-content\/uploads\/2012\/10\/puesto-policial-de-San-Fernando-300x206.jpg 300w, https:\/\/www.elsindical.com.ar\/notas\/var\/www\/html\/notas\/wp-content\/uploads\/2012\/10\/puesto-policial-de-San-Fernando.jpg 443w\" sizes=\"auto, (max-width: 300px) 100vw, 300px\" \/><\/a>Se inaugur\u00f3 ayer a las 18:00 hs., en la esquina de Mart\u00edn Rodriguez y la avenida Sobremonte. Contar\u00e1 con la presencia de dos polic\u00edas que estar\u00e1n comunicados con las comisar\u00edas las 24 horas.\u00a0\u00a0<\/em><\/p>\n<p style=\"text-align: justify;\">Con el objetivo de prevenir los hechos de inseguridad, la Comuna inaugur\u00f3 el puesto policial en el ex predio ferroviario del Barrio Crisol, ubicado en Mart\u00edn Rodriguez y la avenida Sobremonte. La base contar\u00e1 con la presencia permanente de dos polic\u00edas que estar\u00e1n las 24 horas comunicados con las comisar\u00edas y con el centro de monitoreo de c\u00e1maras municipal.<\/p>\n<p style=\"text-align: justify;\">La base, que en un comienzo ten\u00eda como objetivo primordial controlar el lugar para prevenir delitos, tambi\u00e9n permitir\u00e1 que la polic\u00eda vigile m\u00e1s de cerca los barrios Crisol y Santa Rosa. Los dos efectivos que estar\u00e1n en el puesto no podr\u00e1n abandonar su lugar de trabajo, salvo que ocurra algo a pocos metros. Gracias a las c\u00e1maras de seguridad, podr\u00e1n controlar mejor la periferia, pedir refuerzos cuando sea necesario y avisar al centro de monitoreo.\u00a0 La resoluci\u00f3n de casos y la toma de denuncias seguir\u00e1 a cargo de la Comisar\u00eda 2\u00aa que\u00a0 se encarga del patrullaje de la zona.<\/p>\n<p style=\"text-align: justify;\">Por otro lado, ya que el lugar es uno de los accesos principales a San Fernando y para reforzar la seguridad durante la noche, el Municipio instal\u00f3 diez luminarias que alumbran la calle y la vereda sobre la avenida Sobremonte y parte de Mart\u00edn Rodriguez, adem\u00e1s de un reflector para iluminar el puesto policial.<\/p>\n","protected":false},"excerpt":{"rendered":"<p>Se inaugur\u00f3 ayer a las 18:00 hs., en la esquina de Mart\u00edn Rodriguez y la avenida Sobremonte. Contar\u00e1 con la presencia de dos polic\u00edas que estar\u00e1n comunicados con las comisar\u00edas las 24 horas.\u00a0\u00a0 Con el objetivo de prevenir los hechos de inseguridad, la Comuna inaugur\u00f3 el puesto policial en el ex predio ferroviario del Barrio&hellip;<\/p>\n","protected":false},"author":1,"featured_media":0,"comment_status":"open","ping_status":"open","sticky":false,"template":"","format":"standard","meta":{"footnotes":""},"categories":[25],"tags":[9097,3604,30,1463,986,8604],"class_list":["post-28203","post","type-post","status-publish","format-standard","hentry","category-sociedad","tag-comuna","tag-destacamento","tag-policia","tag-san-fernando","tag-vecinos","tag-vigilancia"],"_links":{"self":[{"href":"https:\/\/www.elsindical.com.ar\/notas\/wp-json\/wp\/v2\/posts\/28203","targetHints":{"allow":["GET"]}}],"collection":[{"href":"https:\/\/www.elsindical.com.ar\/notas\/wp-json\/wp\/v2\/posts"}],"about":[{"href":"https:\/\/www.elsindical.com.ar\/notas\/wp-json\/wp\/v2\/types\/post"}],"author":[{"embeddable":true,"href":"https:\/\/www.elsindical.com.ar\/notas\/wp-json\/wp\/v2\/users\/1"}],"replies":[{"embeddable":true,"href":"https:\/\/www.elsindical.com.ar\/notas\/wp-json\/wp\/v2\/comments?post=28203"}],"version-history":[{"count":1,"href":"https:\/\/www.elsindical.com.ar\/notas\/wp-json\/wp\/v2\/posts\/28203\/revisions"}],"predecessor-version":[{"id":28205,"href":"https:\/\/www.elsindical.com.ar\/notas\/wp-json\/wp\/v2\/posts\/28203\/revisions\/28205"}],"wp:attachment":[{"href":"https:\/\/www.elsindical.com.ar\/notas\/wp-json\/wp\/v2\/media?parent=28203"}],"wp:term":[{"taxonomy":"category","embeddable":true,"href":"https:\/\/www.elsindical.com.ar\/notas\/wp-json\/wp\/v2\/categories?post=28203"},{"taxonomy":"post_tag","embeddable":true,"href":"https:\/\/www.elsindical.com.ar\/notas\/wp-json\/wp\/v2\/tags?post=28203"}],"curies":[{"name":"wp","href":"https:\/\/api.w.org\/{rel}","templated":true}]}}