{"id":28104,"date":"2012-10-04T11:47:49","date_gmt":"2012-10-04T14:47:49","guid":{"rendered":"http:\/\/www.elsindical.com.ar\/notas\/?p=28104"},"modified":"2012-10-04T11:47:49","modified_gmt":"2012-10-04T14:47:49","slug":"denuncian-que-desaparecio-un-testigo-del-juicio-de-mariano-ferreyra","status":"publish","type":"post","link":"https:\/\/www.elsindical.com.ar\/notas\/denuncian-que-desaparecio-un-testigo-del-juicio-de-mariano-ferreyra\/","title":{"rendered":"Denuncian que desapareci\u00f3 un testigo del juicio de Mariano Ferreyra"},"content":{"rendered":"<p style=\"text-align: justify;\"><em><a href=\"http:\/\/www.elsindical.com.ar\/notas\/var\/www\/html\/notas\/wp-content\/uploads\/2012\/10\/Enrique-Alfonso-Severo.jpg\"><img loading=\"lazy\" decoding=\"async\" class=\"alignleft size-medium wp-image-28105\" title=\"Enrique-Alfonso-Severo\" src=\"http:\/\/www.elsindical.com.ar\/notas\/var\/www\/html\/notas\/wp-content\/uploads\/2012\/10\/Enrique-Alfonso-Severo-300x205.jpg\" alt=\"\" width=\"300\" height=\"205\" srcset=\"https:\/\/www.elsindical.com.ar\/notas\/var\/www\/html\/notas\/wp-content\/uploads\/2012\/10\/Enrique-Alfonso-Severo-300x205.jpg 300w, https:\/\/www.elsindical.com.ar\/notas\/var\/www\/html\/notas\/wp-content\/uploads\/2012\/10\/Enrique-Alfonso-Severo.jpg 443w\" sizes=\"auto, (max-width: 300px) 100vw, 300px\" \/><\/a>Los fantasmas del caso Julio L\u00f3pez vuelven a la memoria tras la desaparici\u00f3n de Enrique Alfonso Severo, quien iba a declarar contra la Uni\u00f3n Ferroviaria y su titular. Hab\u00eda sido amenazado.<\/em><\/p>\n<p style=\"text-align: justify;\">\u00a0<strong>Enrique Alfonso Severo<\/strong>,<strong> <\/strong>un testigo que deb\u00eda declarar este jueves en el juicio por el asesinato de <strong>Mariano Ferreyra<\/strong> est\u00e1 desde anoche en paradero desconocido, luego de que le balearan su casa y recibiera amenazas telef\u00f3nicas, inform\u00f3 hoy el abogado de la querella, Ismael Jalil.<\/p>\n<p style=\"text-align: justify;\">Se trata de<strong> <\/strong>, un empleado de Ferrobaires, quien al declarar como testigo en la etapa de instrucci\u00f3n revel\u00f3 que la agrupaci\u00f3n del sindicato Uni\u00f3n Ferroviaria (UF) de Plaza Constituci\u00f3n guardaba armas en su oficina de esa terminal de trenes.<\/p>\n<p style=\"text-align: justify;\">Tambi\u00e9n destap\u00f3 que en la v\u00edspera del asesinato de Ferreyra, el 20 de octubre de 2010, la empresa Trenes Metropolitanos y la UF hab\u00eda convocado a los ferroviarios a sumarse a la patota del gremio para repeler la protesta de los trabajadores tercerizados, que quer\u00edan cortar las v\u00edas de la l\u00ednea Roca.<\/p>\n","protected":false},"excerpt":{"rendered":"<p>Los fantasmas del caso Julio L\u00f3pez vuelven a la memoria tras la desaparici\u00f3n de Enrique Alfonso Severo, quien iba a declarar contra la Uni\u00f3n Ferroviaria y su titular. Hab\u00eda sido amenazado. \u00a0Enrique Alfonso Severo, un testigo que deb\u00eda declarar este jueves en el juicio por el asesinato de Mariano Ferreyra est\u00e1 desde anoche en paradero&hellip;<\/p>\n","protected":false},"author":1,"featured_media":0,"comment_status":"open","ping_status":"open","sticky":false,"template":"","format":"standard","meta":{"footnotes":""},"categories":[6],"tags":[133,2385,516,13000,4959,1812,4969,1188],"class_list":["post-28104","post","type-post","status-publish","format-standard","hentry","category-denuncias","tag-causa","tag-desaparecido","tag-juicio-oral","tag-julio-lopez","tag-mariano-ferreyra","tag-paradero","tag-severo-enrique-alfonso","tag-testigo"],"_links":{"self":[{"href":"https:\/\/www.elsindical.com.ar\/notas\/wp-json\/wp\/v2\/posts\/28104","targetHints":{"allow":["GET"]}}],"collection":[{"href":"https:\/\/www.elsindical.com.ar\/notas\/wp-json\/wp\/v2\/posts"}],"about":[{"href":"https:\/\/www.elsindical.com.ar\/notas\/wp-json\/wp\/v2\/types\/post"}],"author":[{"embeddable":true,"href":"https:\/\/www.elsindical.com.ar\/notas\/wp-json\/wp\/v2\/users\/1"}],"replies":[{"embeddable":true,"href":"https:\/\/www.elsindical.com.ar\/notas\/wp-json\/wp\/v2\/comments?post=28104"}],"version-history":[{"count":2,"href":"https:\/\/www.elsindical.com.ar\/notas\/wp-json\/wp\/v2\/posts\/28104\/revisions"}],"predecessor-version":[{"id":28107,"href":"https:\/\/www.elsindical.com.ar\/notas\/wp-json\/wp\/v2\/posts\/28104\/revisions\/28107"}],"wp:attachment":[{"href":"https:\/\/www.elsindical.com.ar\/notas\/wp-json\/wp\/v2\/media?parent=28104"}],"wp:term":[{"taxonomy":"category","embeddable":true,"href":"https:\/\/www.elsindical.com.ar\/notas\/wp-json\/wp\/v2\/categories?post=28104"},{"taxonomy":"post_tag","embeddable":true,"href":"https:\/\/www.elsindical.com.ar\/notas\/wp-json\/wp\/v2\/tags?post=28104"}],"curies":[{"name":"wp","href":"https:\/\/api.w.org\/{rel}","templated":true}]}}