{"id":28056,"date":"2012-10-03T00:46:51","date_gmt":"2012-10-03T03:46:51","guid":{"rendered":"http:\/\/www.elsindical.com.ar\/notas\/?p=28056"},"modified":"2012-10-03T00:46:51","modified_gmt":"2012-10-03T03:46:51","slug":"el-gobierno-no-ha-podido-desactivar-la-protesta-de-los-efectivos-de-la-prefectura","status":"publish","type":"post","link":"https:\/\/www.elsindical.com.ar\/notas\/el-gobierno-no-ha-podido-desactivar-la-protesta-de-los-efectivos-de-la-prefectura\/","title":{"rendered":"El gobierno no ha podido desactivar la protesta de los efectivos de la Prefectura"},"content":{"rendered":"<p style=\"text-align: justify;\">\u00a0<a href=\"http:\/\/www.elsindical.com.ar\/notas\/var\/www\/html\/notas\/wp-content\/uploads\/2012\/10\/agresiones-protesta-Prefectura.jpg\"><img loading=\"lazy\" decoding=\"async\" class=\"alignleft size-medium wp-image-28057\" title=\"agresiones-protesta-Prefectura\" src=\"http:\/\/www.elsindical.com.ar\/notas\/var\/www\/html\/notas\/wp-content\/uploads\/2012\/10\/agresiones-protesta-Prefectura-300x224.jpg\" alt=\"\" width=\"300\" height=\"224\" srcset=\"https:\/\/www.elsindical.com.ar\/notas\/var\/www\/html\/notas\/wp-content\/uploads\/2012\/10\/agresiones-protesta-Prefectura-300x224.jpg 300w, https:\/\/www.elsindical.com.ar\/notas\/var\/www\/html\/notas\/wp-content\/uploads\/2012\/10\/agresiones-protesta-Prefectura.jpg 502w\" sizes=\"auto, (max-width: 300px) 100vw, 300px\" \/><\/a> <em>A pesar de las apresuradas negociaciones que desde los representantes del Ministerio de Seguridad se han ido desarrollando durante la jornada de ayer, y a pesar de las promesas del Secretario de Seguridad Berni, respecto a que el Decreto 1307\/12 no se iba a aplicar y se les iba a devolver el dinero a aquellos que sufrieron descuentos, los reclamos no terminar\u00edan all\u00ed. Desde este medio ya hemos advertido en varias oportunidades que el Ministerio de Seguridad no pose\u00eda asesores que conozcan correctamente las funciones del mismo y como implementarlas en las fuerzas federales de seguridad.<\/em><\/p>\n<p style=\"text-align: justify;\">El ministro de Econom\u00eda, <strong>Hern\u00e1n Lorenzino<\/strong>, y el secretario de Seguridad, <strong>Sergio Berni<\/strong>, se reunieron con delegados de los prefectos sin llegar a\u00fan a un acuerdo. <strong>Los efectivos continuar\u00e1n bloqueando edificio central de la fuerza\u00a0El Guardacostas.<\/strong><\/p>\n<p style=\"text-align: justify;\">Tras rechazar una propuesta inicial, los delegados de los efectivos de Prefectura mantvieron un encuentro con Lorenzino y Berni, quienes se acercaron a Puerto Madero para intentar lograr un acuerdo, que a\u00fan no pudo ser alcanzado.<\/p>\n<p style=\"text-align: justify;\">Pasadas las 23 de este martes,<strong>los efectivos manten\u00edan la ocupaci\u00f3n del edificio Guardacostas y all\u00ed piensan permanecer toda la madrugada hasta tanto puedan alcanzar un consentimiento con los ministros.<\/strong><\/p>\n<p style=\"text-align: justify;\">Paralelamente, trascend\u00eda un rumor acerca de que los funcionarios se trasladaron a la Quinta de Olivos para reunirse con la presidente Cristina Kirchner, que regres\u00f3 al pa\u00eds tras participar en la Sesi\u00f3n Plenaria de la III Cumbre de Am\u00e9rica del Sur y Pa\u00edses Arabes (ASPA) que se realiz\u00f3 en Lima, Per\u00fa.<\/p>\n<p style=\"text-align: justify;\">El objetivo de ese encuentro ser\u00eda encontrar una f\u00f3rmula que permita destrabar la negociaci\u00f3n.<\/p>\n<p style=\"text-align: justify;\">Sobre el anochecer, tras leer un petitorio de siete puntos, los suboficiales ratificaron que <strong>no abandonar\u00e1n la protesta hasta tener una respuesta oficial, y convocaron p\u00fablicamente a sus camaradas de la Gendarmer\u00eda a sumarse a la demanda.<\/strong><\/p>\n<p style=\"text-align: justify;\">De la primera reuni\u00f3n, que se extendi\u00f3 por media hora, participaron el representante de los efectivos del Cintur\u00f3n Sur Jos\u00e9, <strong>Luis Caba\u00f1a<\/strong>, y el secretario de Seguridad de la Naci\u00f3n, <strong>Sergio Berni.<\/strong> \u00c9ste les pidi\u00f3 que retiraran la protesta con el compromiso de dejar sin efecto el decreto dentro de 24 horas, para que volvieran a cobrar los sueldos como antes de los descuentos.<\/p>\n<p style=\"text-align: justify;\">Sin embargo, Caba\u00f1a indic\u00f3 que la propuesta fue rechazada porque <strong>\u00abm\u00e1s all\u00e1 de que la disoluci\u00f3n del decreto beneficia a m\u00e1s de 5 mil efectivos que lograron una medida cautelar para no verse afectados, el reclamo involucra a mucha m\u00e1s gente que es la que hoy est\u00e1 reclamando\u00bb.<\/strong><\/p>\n<p style=\"text-align: justify;\">As\u00ed, en el petitorio elevado a Berni <strong>los efectivos exigieron un m\u00ednimo salarial de 7.000 pesos para las escalas m\u00e1s bajas<\/strong>; adem\u00e1s de la garant\u00eda para que los manifestantes no sufran un castigo; una nueva grilla salarial y una reuni\u00f3n de una mesa salarial de conciliaci\u00f3n.<\/p>\n<p style=\"text-align: justify;\">Cerca de las 19:30 de ayer, <strong>algunos oficiales intentaron acercarse a los efectivos para dialogar, pero fueron agredidos y tuvieron que retirarse r\u00e1pidamente del lugar.<\/strong><\/p>\n<p style=\"text-align: justify;\">El personal que participa de la protesta est\u00e1 desplegado en el operativo de seguridad <strong>Cintur\u00f3n Sur. <\/strong>Los acuartelamientos tienen lugar en los barrios de La Boca y Puerto Madero, en repudio a la reducci\u00f3n en sus salarios.<\/p>\n<p style=\"text-align: justify;\">La protesta comenz\u00f3 en la <strong>Unidad Cintur\u00f3n Sur 24<\/strong>, de la calle Pinz\u00f3n 90, donde los prefectos denunciaron que en los \u00faltimos meses han sufrido \u00ab<strong>una reducci\u00f3n de entre el 30 y el 60 por ciento<\/strong>\u00bb en sus haberes, debido al Decreto 1307\/12.<br \/>\nM\u00e1s tarde, personal del <strong>Grupo Albatros<\/strong>, que es tambi\u00e9n parte de la Prefectura, se sum\u00f3 a la medida. Adem\u00e1s, hay medidas de fuerza en el edificio Guardacosta, ubicado en <strong>Madero al 200<\/strong>.<\/p>\n<p style=\"text-align: justify;\">Cerca del mediod\u00eda de ayer, <strong>Berni<\/strong>, arrib\u00f3 a dicho edificio para negociar con los manifestantes. Seg\u00fan explic\u00f3 el delegado <strong>Claudio Fabi\u00e1n<\/strong> <strong>Meza<\/strong>, durante el encuentro los prefectos dejaron en claro que su malestar es con la jefatura de la fuerza.<\/p>\n<p style=\"text-align: justify;\">\u00abEsto no es en contra del Ministerio de Seguridad, con quienes nos sentimos identificados. Estamos pidiendo que nos permitan establecer tres representantes para poder negociar directamente con ellos\u00bb, declar\u00f3.<\/p>\n<p style=\"text-align: justify;\">El Ministerio de Seguridad inform\u00f3 que las manifestaciones se producen en \u00ab<strong>sectores focalizados<\/strong>\u00bb de la fuerza, pero aclar\u00f3 que \u00ab<strong>la atenci\u00f3n al p\u00fablico y los servicios de seguridad p\u00fablica se est\u00e1n cumpliendo con normalidad<\/strong>\u00ab. \u00abLas autoridades est\u00e1n trabajando para resolver eventuales desequilibrios y encontrar una soluci\u00f3n apropiada al tema\u00bb, afirmaron.<\/p>\n<p style=\"text-align: justify;\">En di\u00e1logo con <em>Radio 10<\/em>, Pedro, quien se neg\u00f3 a dar su apellido por temor a represalias, explic\u00f3: \u00ab<strong>Yo estaba cobrando $7.000 y ahora pas\u00e9 a cobrar $4.100<\/strong>\u00ab. El suboficial se\u00f1al\u00f3 que tiene \u00ab20 a\u00f1os de servicio en la fuerza\u00bb y ahora no alcanza para cubrir su alquiler de $2.000 y sus gastos diarios.<br \/>\nLa Resoluci\u00f3n 1307\/12, firmada el 4 de septiembre por la presidente Cristina Kirchner y la ministra de Seguridad, Nilda Garr\u00e9, establece la <strong>revisi\u00f3n de \u00abalgunos suplementos particulares y compensaciones<\/strong> que percibe el personal con estado militar de gendarme en actividad de la <strong>Gendarmer\u00eda Nacional<\/strong> y con estado policial en actividad de la <strong>Prefectura Naval Argentina<\/strong>\u00ab.<br \/>\nDe acuerdo con la resoluci\u00f3n, los integrantes de dichas fuerzas podr\u00e1n cobrar suplementos por los \u00edtems de \u00abresponsabilidad por cargo\u00bb, \u00abfunci\u00f3n intermedia\u00bb, \u00abcumplimiento de tareas espec\u00edficas de seguridad\u00bb y \u00abmayor exigencia del servicio\u00bb.<\/p>\n<p style=\"text-align: justify;\">En tanto, algunos efectivos de <strong>Gendarmer\u00eda<\/strong> <strong>Nacional<\/strong> se sumaron a las protestas, debido a que sus salarios tambi\u00e9n se vieron afectados por la medida.<\/p>\n","protected":false},"excerpt":{"rendered":"<p>\u00a0 A pesar de las apresuradas negociaciones que desde los representantes del Ministerio de Seguridad se han ido desarrollando durante la jornada de ayer, y a pesar de las promesas del Secretario de Seguridad Berni, respecto a que el Decreto 1307\/12 no se iba a aplicar y se les iba a devolver el dinero a&hellip;<\/p>\n","protected":false},"author":1,"featured_media":0,"comment_status":"open","ping_status":"open","sticky":false,"template":"","format":"standard","meta":{"footnotes":""},"categories":[13],"tags":[9512,5961,12986,1423,7556,5366,2838,1013,514,11727,5341],"class_list":["post-28056","post","type-post","status-publish","format-standard","hentry","category-politica","tag-acuartelamiento","tag-bloqueo","tag-decreta-130712","tag-descuentos","tag-ministerio-de-seguridad-de-la-nacion","tag-nilda-garre","tag-oficiales","tag-prefectura","tag-reclamos","tag-sergio-berni","tag-suboficiales"],"_links":{"self":[{"href":"https:\/\/www.elsindical.com.ar\/notas\/wp-json\/wp\/v2\/posts\/28056","targetHints":{"allow":["GET"]}}],"collection":[{"href":"https:\/\/www.elsindical.com.ar\/notas\/wp-json\/wp\/v2\/posts"}],"about":[{"href":"https:\/\/www.elsindical.com.ar\/notas\/wp-json\/wp\/v2\/types\/post"}],"author":[{"embeddable":true,"href":"https:\/\/www.elsindical.com.ar\/notas\/wp-json\/wp\/v2\/users\/1"}],"replies":[{"embeddable":true,"href":"https:\/\/www.elsindical.com.ar\/notas\/wp-json\/wp\/v2\/comments?post=28056"}],"version-history":[{"count":1,"href":"https:\/\/www.elsindical.com.ar\/notas\/wp-json\/wp\/v2\/posts\/28056\/revisions"}],"predecessor-version":[{"id":28058,"href":"https:\/\/www.elsindical.com.ar\/notas\/wp-json\/wp\/v2\/posts\/28056\/revisions\/28058"}],"wp:attachment":[{"href":"https:\/\/www.elsindical.com.ar\/notas\/wp-json\/wp\/v2\/media?parent=28056"}],"wp:term":[{"taxonomy":"category","embeddable":true,"href":"https:\/\/www.elsindical.com.ar\/notas\/wp-json\/wp\/v2\/categories?post=28056"},{"taxonomy":"post_tag","embeddable":true,"href":"https:\/\/www.elsindical.com.ar\/notas\/wp-json\/wp\/v2\/tags?post=28056"}],"curies":[{"name":"wp","href":"https:\/\/api.w.org\/{rel}","templated":true}]}}