{"id":28037,"date":"2012-10-02T12:29:31","date_gmt":"2012-10-02T15:29:31","guid":{"rendered":"http:\/\/www.elsindical.com.ar\/notas\/?p=28037"},"modified":"2012-10-02T12:29:31","modified_gmt":"2012-10-02T15:29:31","slug":"el-sindical-radio-01-de-octubre-2012","status":"publish","type":"post","link":"https:\/\/www.elsindical.com.ar\/notas\/el-sindical-radio-01-de-octubre-2012\/","title":{"rendered":"El Sindical Radio 01 de octubre 2012"},"content":{"rendered":"<p style=\"text-align: justify;\"><a href=\"http:\/\/www.elsindical.com.ar\/notas\/var\/www\/html\/notas\/wp-content\/uploads\/2012\/06\/RadiosOnlineFM.jpg\"><img loading=\"lazy\" decoding=\"async\" class=\"alignleft size-medium wp-image-25011\" title=\"RadiosOnlineFM\" src=\"http:\/\/www.elsindical.com.ar\/notas\/var\/www\/html\/notas\/wp-content\/uploads\/2012\/06\/RadiosOnlineFM-300x250.jpg\" alt=\"\" width=\"300\" height=\"250\" srcset=\"https:\/\/www.elsindical.com.ar\/notas\/var\/www\/html\/notas\/wp-content\/uploads\/2012\/06\/RadiosOnlineFM-300x250.jpg 300w, https:\/\/www.elsindical.com.ar\/notas\/var\/www\/html\/notas\/wp-content\/uploads\/2012\/06\/RadiosOnlineFM.jpg 500w\" sizes=\"auto, (max-width: 300px) 100vw, 300px\" \/><\/a>Programa radial El Sindical, lunes de 19:00 a 20:00 por la 88.1, FM Boedo. Conducido por la Dra. Mar\u00eda Laura Lastres, la Dra. Valeria Carreras, el Dr. Armando Mart\u00edn Sabadini y el periodista Marcelo Ricardo Hawrylciw.<\/p>\n<p style=\"text-align: justify;\">Programa del d\u00eda 01 de octubre del 2012 de El Sindical radio. Con la conducci\u00f3n de Mar\u00eda Laura Lastres, Valeria Carreras y Marcelo Ricardo Hawrylciw.<\/p>\n<p style=\"text-align: justify;\">Mar\u00eda Laura Lastres comenz\u00f3 el programa recordandonos que el 31 de septiembre, se recordaba la fecha de naciemiento del primer asesino serial de la Argentina, Cayetano Santos Godino, m\u00e1s conocido por su apodo Petiso Orejudo (Buenos Aires, 31 de octubre de 1896 \u2013 Ushuaia, 15 de noviembre de 1944), fue un joven asesino en serie, uno de los mayores soci\u00f3patas en la historia de la Argentina. A principios del siglo XX fue responsable de la muerte de cuatro ni\u00f1os, siete intentos de asesinato y el incendio de siete edificios.<\/p>\n<p style=\"text-align: justify;\">Posteriormente, en el piso tuvimos la presencia de la se\u00f1ora Mirta Luna, quien en una imperdible entrevista, nos relato su experiencia como empleada judicial, donde sufri\u00f3 maltrato laboral y acoso al lesionarse cumpliendo una diligencia que no era espec\u00edfica de sus funciones. Recuerda con profundo dolor el trato que le dispensaron en la Fiscal\u00eda Nacional de Instrucci\u00f3n N\u00ba 4, que en esa \u00e9poca se encontraba a cargo del ex Fiscal Dr. Pablo Jorge Lanusse y la Dra. Gloria Capanegra como secretaria. A estos dos se les sumo en el maltrato una joven abogada recien egresada, J\u00e9sica Paola Pisoni.El relato adquiere especial relevancia, si tenemos en cuenta que el abogado Pablo Jorge Lanusse es un hombre que siempre tuvo buena relaci\u00f3n con ONG del sector de los derechos humanos, los medios y el ambiente judicial. La v\u00edctima de estos hechos nos revela un lado casi desconocido del Dr. Lanusse, y especialmente de Pisoni, quien desde que lleg\u00f3 a la Fiscal\u00eda N\u00ba 4 no se volvi\u00f3 a separar de Lanusse, siendo hoy d\u00eda, su socia en el estudio jur\u00eddico que poseen en la Av.Callo a metros del Congreso de la Naci\u00f3n.<\/p>\n<p style=\"text-align: justify;\">Valeria Carreras y Mar\u00eda Laura Lastres dialogaron con la legisladora Mar\u00eda Jos\u00e9 Lubertino, sobre la aprobaci\u00f3n de la Ley de aborto no punible, y del conflicto generado por un twitt, que la legisladora env\u00edo a la red social durante la votaci\u00f3n, donde ped\u00eda saquen sus rosarios y sus kipas de nuestros \u00fateros.<\/p>\n<p style=\"text-align: justify;\"><img loading=\"lazy\" decoding=\"async\" class=\"alignnone\" src=\"http:\/\/sphotos-h.ak.fbcdn.net\/hphotos-ak-ash4\/483088_4237099682009_1756722211_n.jpg\" alt=\"\" width=\"960\" height=\"643\" \/><\/p>\n<p style=\"text-align: justify;\"><img loading=\"lazy\" decoding=\"async\" class=\"alignnone\" src=\"http:\/\/sphotos-b.ak.fbcdn.net\/hphotos-ak-snc7\/577198_4237099081994_1334203543_n.jpg\" alt=\"\" width=\"960\" height=\"637\" \/><\/p>\n<p style=\"text-align: justify;\"><img loading=\"lazy\" decoding=\"async\" class=\"alignnone\" src=\"http:\/\/sphotos-a.ak.fbcdn.net\/hphotos-ak-ash4\/223226_4237098601982_910088670_n.jpg\" alt=\"\" width=\"960\" height=\"643\" \/><\/p>\n<p style=\"text-align: justify;\"><img loading=\"lazy\" decoding=\"async\" class=\"alignnone\" src=\"http:\/\/sphotos-g.ak.fbcdn.net\/hphotos-ak-ash4\/246406_4237098161971_2069736265_n.jpg\" alt=\"\" width=\"960\" height=\"653\" \/><\/p>\n<p><iframe loading=\"lazy\" src=\"http:\/\/player.vimeo.com\/video\/50587162\" frameborder=\"0\" width=\"500\" height=\"375\"><\/iframe><\/p>\n<p><a href=\"http:\/\/vimeo.com\/50587162\">El Sindical Radio 01 de octubre 2012<\/a> from <a href=\"http:\/\/vimeo.com\/hawrylciw\">Marcelo Ricardo Hawrylciw<\/a> on <a href=\"http:\/\/vimeo.com\">Vimeo<\/a>.<\/p>\n<p><object width=\"353\" height=\"132\" classid=\"clsid:d27cdb6e-ae6d-11cf-96b8-444553540000\" codebase=\"http:\/\/download.macromedia.com\/pub\/shockwave\/cabs\/flash\/swflash.cab#version=6,0,40,0\"><param name=\"src\" value=\"http:\/\/www.goear.com\/files\/external.swf?file=15915ba\" \/><param name=\"wmode\" value=\"transparent\" \/><param name=\"quality\" value=\"high\" \/><embed width=\"353\" height=\"132\" type=\"application\/x-shockwave-flash\" src=\"http:\/\/www.goear.com\/files\/external.swf?file=15915ba\" wmode=\"transparent\" quality=\"high\" \/><\/object><\/p>\n","protected":false},"excerpt":{"rendered":"<p>Programa radial El Sindical, lunes de 19:00 a 20:00 por la 88.1, FM Boedo. Conducido por la Dra. Mar\u00eda Laura Lastres, la Dra. Valeria Carreras, el Dr. Armando Mart\u00edn Sabadini y el periodista Marcelo Ricardo Hawrylciw. Programa del d\u00eda 01 de octubre del 2012 de El Sindical radio. Con la conducci\u00f3n de Mar\u00eda Laura Lastres,&hellip;<\/p>\n","protected":false},"author":1,"featured_media":0,"comment_status":"open","ping_status":"open","sticky":false,"template":"","format":"standard","meta":{"footnotes":""},"categories":[11826],"tags":[22034,12980,12981,332,1448,11829,12979,3820,11939],"class_list":["post-28037","post","type-post","status-publish","format-standard","hentry","category-el-sindical-radio","tag-el-sindical-radio","tag-gloria-capanegra","tag-jesica-paola-pisoni","tag-maltrato-laboral","tag-marcelo-ricardo-hawrylciw","tag-maria-laura-lastres","tag-mirta-luna","tag-pablo-jorge-lanusse","tag-valeria-carreras"],"_links":{"self":[{"href":"https:\/\/www.elsindical.com.ar\/notas\/wp-json\/wp\/v2\/posts\/28037","targetHints":{"allow":["GET"]}}],"collection":[{"href":"https:\/\/www.elsindical.com.ar\/notas\/wp-json\/wp\/v2\/posts"}],"about":[{"href":"https:\/\/www.elsindical.com.ar\/notas\/wp-json\/wp\/v2\/types\/post"}],"author":[{"embeddable":true,"href":"https:\/\/www.elsindical.com.ar\/notas\/wp-json\/wp\/v2\/users\/1"}],"replies":[{"embeddable":true,"href":"https:\/\/www.elsindical.com.ar\/notas\/wp-json\/wp\/v2\/comments?post=28037"}],"version-history":[{"count":2,"href":"https:\/\/www.elsindical.com.ar\/notas\/wp-json\/wp\/v2\/posts\/28037\/revisions"}],"predecessor-version":[{"id":28039,"href":"https:\/\/www.elsindical.com.ar\/notas\/wp-json\/wp\/v2\/posts\/28037\/revisions\/28039"}],"wp:attachment":[{"href":"https:\/\/www.elsindical.com.ar\/notas\/wp-json\/wp\/v2\/media?parent=28037"}],"wp:term":[{"taxonomy":"category","embeddable":true,"href":"https:\/\/www.elsindical.com.ar\/notas\/wp-json\/wp\/v2\/categories?post=28037"},{"taxonomy":"post_tag","embeddable":true,"href":"https:\/\/www.elsindical.com.ar\/notas\/wp-json\/wp\/v2\/tags?post=28037"}],"curies":[{"name":"wp","href":"https:\/\/api.w.org\/{rel}","templated":true}]}}