{"id":28008,"date":"2012-10-01T11:29:37","date_gmt":"2012-10-01T14:29:37","guid":{"rendered":"http:\/\/www.elsindical.com.ar\/notas\/?p=28008"},"modified":"2012-10-01T11:29:37","modified_gmt":"2012-10-01T14:29:37","slug":"catamarcaluis-ventura-denuncia-a-funcionarios-y-allegados-a-la-gobernadora-de-agredirlo-brutalmente","status":"publish","type":"post","link":"https:\/\/www.elsindical.com.ar\/notas\/catamarcaluis-ventura-denuncia-a-funcionarios-y-allegados-a-la-gobernadora-de-agredirlo-brutalmente\/","title":{"rendered":"Catamarca:Luis Ventura denuncia a funcionarios y allegados a la gobernadora de agredirlo brutalmente"},"content":{"rendered":"<p style=\"text-align: justify;\"><em><a href=\"http:\/\/www.elsindical.com.ar\/notas\/var\/www\/html\/notas\/wp-content\/uploads\/2012\/10\/Luis-Ventura.jpg\"><img loading=\"lazy\" decoding=\"async\" class=\"alignleft size-medium wp-image-28009\" title=\"Luis-Ventura\" src=\"http:\/\/www.elsindical.com.ar\/notas\/var\/www\/html\/notas\/wp-content\/uploads\/2012\/10\/Luis-Ventura-300x224.jpg\" alt=\"\" width=\"300\" height=\"224\" srcset=\"https:\/\/www.elsindical.com.ar\/notas\/var\/www\/html\/notas\/wp-content\/uploads\/2012\/10\/Luis-Ventura-300x224.jpg 300w, https:\/\/www.elsindical.com.ar\/notas\/var\/www\/html\/notas\/wp-content\/uploads\/2012\/10\/Luis-Ventura.jpg 443w\" sizes=\"auto, (max-width: 300px) 100vw, 300px\" \/><\/a>El periodista Luis Ventura denunci\u00f3 hoy que fue agredido por funcionarios del gobierno de Catamarca cuando intentaba entrevistar a la gobernadora provincial, Luc\u00eda Corpacci.<\/em><\/p>\n<p style=\"text-align: justify;\">\u201cLo que me pas\u00f3 en Catamarca es lamentable. No voy a denunciar a nadie, s\u00ed voy a mostrar la agresi\u00f3n y las caras\u201d, expres\u00f3 el periodista en su cuenta de la red social Twitter.<\/p>\n<p style=\"text-align: justify;\">La agresi\u00f3n que difundi\u00f3 Ventura ocurri\u00f3 en la localidad catamarque\u00f1a de Saujil, situada en el departamento de Pom\u00e1n.<\/p>\n<p style=\"text-align: justify;\">De acuerdo a la informaci\u00f3n que difundi\u00f3 el peridiodista, cuando intent\u00f3 acercarse a la gobernadora justicialista el ministro de Gobierno y Justicia, Francisco Gordillo, y un \u201cdelegado minero\u201d comenzaron a golpearlo. Las lesiones sufridas le provocaron una hemorragia renal, coment\u00f3 Ventura. \u201cOrin\u00e9 sangre\u201d, precis\u00f3.<\/p>\n<p style=\"text-align: justify;\">\u201cHace menos de un mes hubo opiniones que tienen que ver con el desarrollo de la gobernaci\u00f3n y lo que pasa pol\u00edticamente en la provincia; algo les habr\u00e1 ca\u00eddo mal\u201d, dijo el periodista al diario local Esqui\u00fa.<\/p>\n<p style=\"text-align: justify;\">Esta noche, en el canal Am\u00e9rica, Ventura responsabiliz\u00f3 especialmente del ataque a \u201cun delegado designado por el gobierno de la provincia para manejar el aparato minero en (la ciudad de) Andalgal\u00e1\u201d.<\/p>\n<p style=\"text-align: justify;\">Ventura dijo que procur\u00f3 entrevistar a Corpacci para el programa televisivo \u201cCatamarca Experience\u201d, que se emite tambi\u00e9n por el canal Am\u00e9rica.<\/p>\n<p style=\"text-align: justify;\">\u201cNo entiendo por qu\u00e9 la agresi\u00f3n, porque la gobernadora acept\u00f3 la nota\u201d, indic\u00f3 el periodista.<\/p>\n<p style=\"text-align: justify;\">Al respecto, Ventura resalt\u00f3 que cuando procur\u00f3 entrevistar a Corpacci recibi\u00f3 \u201cgolpes, zancadillas, pi\u00f1as en los ri\u00f1ones y puntapi\u00e9s\u201d.<\/p>\n<p style=\"text-align: justify;\">\n<p style=\"text-align: justify;\">DYN<\/p>\n","protected":false},"excerpt":{"rendered":"<p>El periodista Luis Ventura denunci\u00f3 hoy que fue agredido por funcionarios del gobierno de Catamarca cuando intentaba entrevistar a la gobernadora provincial, Luc\u00eda Corpacci. \u201cLo que me pas\u00f3 en Catamarca es lamentable. No voy a denunciar a nadie, s\u00ed voy a mostrar la agresi\u00f3n y las caras\u201d, expres\u00f3 el periodista en su cuenta de la&hellip;<\/p>\n","protected":false},"author":1,"featured_media":0,"comment_status":"open","ping_status":"open","sticky":false,"template":"","format":"standard","meta":{"footnotes":""},"categories":[6],"tags":[1664,175,3439,5343,1739,12966,12965],"class_list":["post-28008","post","type-post","status-publish","format-standard","hentry","category-denuncias","tag-catamarca","tag-denuncia","tag-funcionarios","tag-golpiza","tag-lesiones","tag-lucia-corpacci","tag-luis-vnetura"],"_links":{"self":[{"href":"https:\/\/www.elsindical.com.ar\/notas\/wp-json\/wp\/v2\/posts\/28008","targetHints":{"allow":["GET"]}}],"collection":[{"href":"https:\/\/www.elsindical.com.ar\/notas\/wp-json\/wp\/v2\/posts"}],"about":[{"href":"https:\/\/www.elsindical.com.ar\/notas\/wp-json\/wp\/v2\/types\/post"}],"author":[{"embeddable":true,"href":"https:\/\/www.elsindical.com.ar\/notas\/wp-json\/wp\/v2\/users\/1"}],"replies":[{"embeddable":true,"href":"https:\/\/www.elsindical.com.ar\/notas\/wp-json\/wp\/v2\/comments?post=28008"}],"version-history":[{"count":2,"href":"https:\/\/www.elsindical.com.ar\/notas\/wp-json\/wp\/v2\/posts\/28008\/revisions"}],"predecessor-version":[{"id":28011,"href":"https:\/\/www.elsindical.com.ar\/notas\/wp-json\/wp\/v2\/posts\/28008\/revisions\/28011"}],"wp:attachment":[{"href":"https:\/\/www.elsindical.com.ar\/notas\/wp-json\/wp\/v2\/media?parent=28008"}],"wp:term":[{"taxonomy":"category","embeddable":true,"href":"https:\/\/www.elsindical.com.ar\/notas\/wp-json\/wp\/v2\/categories?post=28008"},{"taxonomy":"post_tag","embeddable":true,"href":"https:\/\/www.elsindical.com.ar\/notas\/wp-json\/wp\/v2\/tags?post=28008"}],"curies":[{"name":"wp","href":"https:\/\/api.w.org\/{rel}","templated":true}]}}