{"id":27969,"date":"2012-09-29T10:19:16","date_gmt":"2012-09-29T13:19:16","guid":{"rendered":"http:\/\/www.elsindical.com.ar\/notas\/?p=27969"},"modified":"2012-09-29T10:19:16","modified_gmt":"2012-09-29T13:19:16","slug":"caballitosusto-por-un-principio-de-incendio-en-un-tren-del-sarmiento","status":"publish","type":"post","link":"https:\/\/www.elsindical.com.ar\/notas\/caballitosusto-por-un-principio-de-incendio-en-un-tren-del-sarmiento\/","title":{"rendered":"Caballito:Susto por un principio de incendio en un tren del Sarmiento"},"content":{"rendered":"<p style=\"text-align: justify;\"><em><a href=\"http:\/\/www.elsindical.com.ar\/notas\/var\/www\/html\/notas\/wp-content\/uploads\/2012\/09\/incendio-tren-Sarmiento-Caballito.jpg\"><img loading=\"lazy\" decoding=\"async\" class=\"alignleft size-medium wp-image-27970\" title=\"incendio-tren-Sarmiento-Caballito\" src=\"http:\/\/www.elsindical.com.ar\/notas\/var\/www\/html\/notas\/wp-content\/uploads\/2012\/09\/incendio-tren-Sarmiento-Caballito-300x165.jpg\" alt=\"\" width=\"300\" height=\"165\" srcset=\"https:\/\/www.elsindical.com.ar\/notas\/var\/www\/html\/notas\/wp-content\/uploads\/2012\/09\/incendio-tren-Sarmiento-Caballito-300x165.jpg 300w, https:\/\/www.elsindical.com.ar\/notas\/var\/www\/html\/notas\/wp-content\/uploads\/2012\/09\/incendio-tren-Sarmiento-Caballito.jpg 443w\" sizes=\"auto, (max-width: 300px) 100vw, 300px\" \/><\/a>Fue a la altura de la calle Yatay, en Almagro. Seg\u00fan las primeras pericias, fue consecuencia de un cortocircuito en el tercer riel. Los pasajeros tuvieron que ser evacuados de la formaci\u00f3n.<\/em><\/p>\n<p style=\"text-align: justify;\">Los pasajeros de un tren de la l\u00ednea Sarmiento fueron evacuados esta ma\u00f1ana luego de que un cortocircuito en las v\u00edas gener\u00f3 humo a la altura del barrio de Almagro, por lo que el servicio fue interrumpido varios minutos.<\/p>\n<p style=\"text-align: justify;\">El hecho se produjo poco despu\u00e9s de las 7, a la altura de la calle Yatay, aparentemente por un <strong>desperfecto en el tercer riel<\/strong>. La formaci\u00f3n se dirig\u00eda de Moreno hacia Once. \u00abLos pasajeros<strong> fueron evacuados y no hubo heridos<\/strong>\u00ab, explic\u00f3 el vocero de la Unidad de Gesti\u00f3n Operativa de las l\u00edneas Mitre y Sarmiento (UGOMS) Pablo Gunning.<\/p>\n<p style=\"text-align: justify;\">Gunning se\u00f1al\u00f3 al canal de cable Todo Noticias que <strong>\u00abhubo un chispazo\u00bb<\/strong> y aclar\u00f3 que ante el incidente se observ\u00f3 \u00abhumo, pero no fuego\u00bb.<\/p>\n<p style=\"text-align: justify;\">Seg\u00fan el vocero de la UGOMS, el principio de incendio pudo haberse generado por \u00abun objeto met\u00e1lico que ingres\u00f3 en el tercer riel o basura\u00bb. Al respecto, record\u00f3 que \u00abel tercer riel esta cubierto de madera\u00bb y la presencia de elementos de esa clase \u00abproduce un cortocircuito\u00bb.<\/p>\n<p style=\"text-align: justify;\">\n<p style=\"text-align: justify;\">(Fuente: DyN)<\/p>\n","protected":false},"excerpt":{"rendered":"<p>Fue a la altura de la calle Yatay, en Almagro. Seg\u00fan las primeras pericias, fue consecuencia de un cortocircuito en el tercer riel. Los pasajeros tuvieron que ser evacuados de la formaci\u00f3n. Los pasajeros de un tren de la l\u00ednea Sarmiento fueron evacuados esta ma\u00f1ana luego de que un cortocircuito en las v\u00edas gener\u00f3 humo&hellip;<\/p>\n","protected":false},"author":1,"featured_media":0,"comment_status":"open","ping_status":"open","sticky":false,"template":"","format":"standard","meta":{"footnotes":""},"categories":[22],"tags":[1369,1158,402,30,399,12958,5378],"class_list":["post-27969","post","type-post","status-publish","format-standard","hentry","category-policiales","tag-bomberos","tag-incendio","tag-pasajeros","tag-policia","tag-tba","tag-tren-sarmiento","tag-yatay"],"_links":{"self":[{"href":"https:\/\/www.elsindical.com.ar\/notas\/wp-json\/wp\/v2\/posts\/27969","targetHints":{"allow":["GET"]}}],"collection":[{"href":"https:\/\/www.elsindical.com.ar\/notas\/wp-json\/wp\/v2\/posts"}],"about":[{"href":"https:\/\/www.elsindical.com.ar\/notas\/wp-json\/wp\/v2\/types\/post"}],"author":[{"embeddable":true,"href":"https:\/\/www.elsindical.com.ar\/notas\/wp-json\/wp\/v2\/users\/1"}],"replies":[{"embeddable":true,"href":"https:\/\/www.elsindical.com.ar\/notas\/wp-json\/wp\/v2\/comments?post=27969"}],"version-history":[{"count":2,"href":"https:\/\/www.elsindical.com.ar\/notas\/wp-json\/wp\/v2\/posts\/27969\/revisions"}],"predecessor-version":[{"id":27972,"href":"https:\/\/www.elsindical.com.ar\/notas\/wp-json\/wp\/v2\/posts\/27969\/revisions\/27972"}],"wp:attachment":[{"href":"https:\/\/www.elsindical.com.ar\/notas\/wp-json\/wp\/v2\/media?parent=27969"}],"wp:term":[{"taxonomy":"category","embeddable":true,"href":"https:\/\/www.elsindical.com.ar\/notas\/wp-json\/wp\/v2\/categories?post=27969"},{"taxonomy":"post_tag","embeddable":true,"href":"https:\/\/www.elsindical.com.ar\/notas\/wp-json\/wp\/v2\/tags?post=27969"}],"curies":[{"name":"wp","href":"https:\/\/api.w.org\/{rel}","templated":true}]}}