{"id":27959,"date":"2012-09-29T03:27:52","date_gmt":"2012-09-29T06:27:52","guid":{"rendered":"http:\/\/www.elsindical.com.ar\/notas\/?p=27959"},"modified":"2012-09-30T14:47:46","modified_gmt":"2012-09-30T17:47:46","slug":"si-de-industria-del-juicio-hablamos-le-presentamos-un-servidor","status":"publish","type":"post","link":"https:\/\/www.elsindical.com.ar\/notas\/si-de-industria-del-juicio-hablamos-le-presentamos-un-servidor\/","title":{"rendered":"Si de \u00abindustria del juicio\u00bb hablamos, le presentamos un servidor"},"content":{"rendered":"<p style=\"text-align: justify;\">\u00a0\u00a0\u00a0\u00a0 <a href=\"http:\/\/www.elsindical.com.ar\/notas\/var\/www\/html\/notas\/wp-content\/uploads\/2012\/09\/Marcelo-Alejandro-Dom\u00ednguez-web.jpg\"><img loading=\"lazy\" decoding=\"async\" class=\"alignleft size-medium wp-image-27960\" title=\"Marcelo-Alejandro-Dom\u00ednguez-web\" src=\"http:\/\/www.elsindical.com.ar\/notas\/var\/www\/html\/notas\/wp-content\/uploads\/2012\/09\/Marcelo-Alejandro-Dom\u00ednguez-web-262x300.jpg\" alt=\"\" width=\"262\" height=\"300\" srcset=\"https:\/\/www.elsindical.com.ar\/notas\/var\/www\/html\/notas\/wp-content\/uploads\/2012\/09\/Marcelo-Alejandro-Dom\u00ednguez-web-262x300.jpg 262w, https:\/\/www.elsindical.com.ar\/notas\/var\/www\/html\/notas\/wp-content\/uploads\/2012\/09\/Marcelo-Alejandro-Dom\u00ednguez-web.jpg 531w\" sizes=\"auto, (max-width: 262px) 100vw, 262px\" \/><\/a><em>Cuando la presidente de la Naci\u00f3n, la Dra. Cristina Fern\u00e1ndez de Kirchner, desat\u00f3 la pol\u00e9mica al denunciar que existe una \u00abindustria del juicio\u00bb entre los abogados laborales, desde ese d\u00eda a la fecha, siguen y sigo discutiendo con algunos abogados el real alcance de esa frase y no dejo de sorprenderme de la d\u00e9bil defensa de algunos abogados al tratar de explicar porque no existe una industria del juicio.<\/em><\/p>\n<p style=\"text-align: justify;\">En medio de esta discusi\u00f3n donde muchos intentan negar algo que se sabe existe, pero que no solo involucra a los abogados de la matr\u00edcula, sino tambi\u00e9n a esos abogados funcionarios judiciales y a otros profesionales, el destino quiso poner en mi camino a un buen ejemplo de ese abogado al que seguramente se refer\u00eda la presidente, y es que mientras algunos abogados deben caminar la calle, armar estrat\u00e9gias y escritos, otros apelan a m\u00e9todos m\u00e1s efectivos, por lo que no toman cualquier demanda, sino esas que sabe le dejaran suculentas cifras.<\/p>\n<p style=\"text-align: justify;\">Hay causas que la presidente deber\u00eda pedir sean revizadas por sus asesores para poder estar informada en qu\u00e9 casos se puede pensar que han existido cuestiones fuera de lo \u00abnormal\u00bb. Y que mejor ejemplo que la causa <strong>\u201cYOAN DANIEL ATILIO C\/ATLAS COPCO ARGENTINA S.A. S\/DESPIDO\u201d<\/strong> (Expte. N\u00ba 3598\/08), para ir comenzando la discusi\u00f3n al respecto de si todo lo hecho en esa causa y los m\u00e9todos para producir prueba se corresponden con el correcto trabajo de un abogado.<\/p>\n<p style=\"text-align: justify;\">Presten atenci\u00f3n al se\u00f1or de la foto, el abogado Marcelo Alejandro Dom\u00ednguez (T-50 F-380), quien se cruz\u00f3 en dicha causa con su colega Fern\u00e1ndez Caride Santiago Miguel (T-41 F-508) donde no faltaron denuncias cruzadas y calificativos de todo tipo. Pero esto es solo algo anecd\u00f3tico en lo que desarrollaremos en el informe sobre esta causa que a\u00fan hoy se encuentra se\u00f1alada como reservada, no sabemos si por los mamarrachos que contiene o por el monto millonario \u00a0de la demanda. Y es justamente en esta causa donde se han involucrado desde pol\u00edticos del PRO, hasta del propio Kirchnerismo, con traiciones y promesas. Una causa que puede terminar con la carrera de algunos Camaristas del Fuero Laboral, manchar a algunos pol\u00edticos y dejar dudas sobre la actuaci\u00f3n de algunos periodistas.<\/p>\n<p style=\"text-align: justify;\">Si ten\u00e9s algo para aportar al informe, pod\u00e9s escribirnos con total reserva. Seguimos trabajando por una sociedad mejor.<\/p>\n<p style=\"text-align: justify;\">Por Marcelo Ricardo Hawrylciw<\/p>\n","protected":false},"excerpt":{"rendered":"<p>\u00a0\u00a0\u00a0\u00a0 Cuando la presidente de la Naci\u00f3n, la Dra. Cristina Fern\u00e1ndez de Kirchner, desat\u00f3 la pol\u00e9mica al denunciar que existe una \u00abindustria del juicio\u00bb entre los abogados laborales, desde ese d\u00eda a la fecha, siguen y sigo discutiendo con algunos abogados el real alcance de esa frase y no dejo de sorprenderme de la d\u00e9bil&hellip;<\/p>\n","protected":false},"author":1,"featured_media":0,"comment_status":"open","ping_status":"open","sticky":false,"template":"","format":"standard","meta":{"footnotes":""},"categories":[1,10],"tags":[501,4861,4853,5543,12954,1056,4850,1453],"class_list":["post-27959","post","type-post","status-publish","format-standard","hentry","category-destacadas","category-editorial","tag-abogado","tag-atlas-copco","tag-fernandez-caride-santiago-miguel","tag-fuero-laboral","tag-industria-del-juicio","tag-jueces","tag-marcelo-alejandro-dominguez","tag-politicos"],"_links":{"self":[{"href":"https:\/\/www.elsindical.com.ar\/notas\/wp-json\/wp\/v2\/posts\/27959","targetHints":{"allow":["GET"]}}],"collection":[{"href":"https:\/\/www.elsindical.com.ar\/notas\/wp-json\/wp\/v2\/posts"}],"about":[{"href":"https:\/\/www.elsindical.com.ar\/notas\/wp-json\/wp\/v2\/types\/post"}],"author":[{"embeddable":true,"href":"https:\/\/www.elsindical.com.ar\/notas\/wp-json\/wp\/v2\/users\/1"}],"replies":[{"embeddable":true,"href":"https:\/\/www.elsindical.com.ar\/notas\/wp-json\/wp\/v2\/comments?post=27959"}],"version-history":[{"count":3,"href":"https:\/\/www.elsindical.com.ar\/notas\/wp-json\/wp\/v2\/posts\/27959\/revisions"}],"predecessor-version":[{"id":27992,"href":"https:\/\/www.elsindical.com.ar\/notas\/wp-json\/wp\/v2\/posts\/27959\/revisions\/27992"}],"wp:attachment":[{"href":"https:\/\/www.elsindical.com.ar\/notas\/wp-json\/wp\/v2\/media?parent=27959"}],"wp:term":[{"taxonomy":"category","embeddable":true,"href":"https:\/\/www.elsindical.com.ar\/notas\/wp-json\/wp\/v2\/categories?post=27959"},{"taxonomy":"post_tag","embeddable":true,"href":"https:\/\/www.elsindical.com.ar\/notas\/wp-json\/wp\/v2\/tags?post=27959"}],"curies":[{"name":"wp","href":"https:\/\/api.w.org\/{rel}","templated":true}]}}