{"id":27932,"date":"2012-09-28T16:39:14","date_gmt":"2012-09-28T19:39:14","guid":{"rendered":"http:\/\/www.elsindical.com.ar\/notas\/?p=27932"},"modified":"2012-09-28T16:39:14","modified_gmt":"2012-09-28T19:39:14","slug":"balvanerasiguen-los-robos-a-departamentos","status":"publish","type":"post","link":"https:\/\/www.elsindical.com.ar\/notas\/balvanerasiguen-los-robos-a-departamentos\/","title":{"rendered":"Balvanera:Siguen los robos a departamentos"},"content":{"rendered":"<p style=\"text-align: justify;\"><em><a href=\"http:\/\/www.elsindical.com.ar\/notas\/var\/www\/html\/notas\/wp-content\/uploads\/2012\/09\/encargado-pizzer\u00eda-Balvanera.jpg\"><img loading=\"lazy\" decoding=\"async\" class=\"alignleft size-medium wp-image-27933\" title=\"encargado-pizzer\u00eda-Balvanera\" src=\"http:\/\/www.elsindical.com.ar\/notas\/var\/www\/html\/notas\/wp-content\/uploads\/2012\/09\/encargado-pizzer\u00eda-Balvanera-300x163.jpg\" alt=\"\" width=\"300\" height=\"163\" srcset=\"https:\/\/www.elsindical.com.ar\/notas\/var\/www\/html\/notas\/wp-content\/uploads\/2012\/09\/encargado-pizzer\u00eda-Balvanera-300x163.jpg 300w, https:\/\/www.elsindical.com.ar\/notas\/var\/www\/html\/notas\/wp-content\/uploads\/2012\/09\/encargado-pizzer\u00eda-Balvanera.jpg 443w\" sizes=\"auto, (max-width: 300px) 100vw, 300px\" \/><\/a>El hecho se produjo en el edificio de La Rioja 795, donde tres delincuentes fueron directamente hasta un departamento del sexto piso, del que ten\u00edan la llave. Los asaltantes redujeron al matrimonio due\u00f1o de casa, que estaba durmiendo, para robarle dinero y pertenencias.<\/em><\/p>\n<p style=\"text-align: justify;\">Dos familias fueron asaltadas en las \u00faltimas horas en sus departamentos del barrio porte\u00f1o de Balvanera, informaron hoy fuentes policiales.<\/p>\n<p style=\"text-align: justify;\">Luego obligaron al hombre a golpearle la puerta a una vecina, quien abri\u00f3 y tambi\u00e9n le robaron.<\/p>\n<p style=\"text-align: justify;\">Finalmente, los delincuentes escaparon sin ser detenidos.<\/p>\n<p style=\"text-align: justify;\">De acuerdo a testimonios de vecinos, un bar ubicado abajo del edificio ya fue asaltado siete veces, algunas de ellas a mano armada y otras cuando estaba cerrado.<\/p>\n","protected":false},"excerpt":{"rendered":"<p>El hecho se produjo en el edificio de La Rioja 795, donde tres delincuentes fueron directamente hasta un departamento del sexto piso, del que ten\u00edan la llave. Los asaltantes redujeron al matrimonio due\u00f1o de casa, que estaba durmiendo, para robarle dinero y pertenencias. Dos familias fueron asaltadas en las \u00faltimas horas en sus departamentos del&hellip;<\/p>\n","protected":false},"author":1,"featured_media":0,"comment_status":"open","ping_status":"open","sticky":false,"template":"","format":"standard","meta":{"footnotes":""},"categories":[22],"tags":[3487,6122,562,4166,30,116],"class_list":["post-27932","post","type-post","status-publish","format-standard","hentry","category-policiales","tag-balvanera","tag-departamentos","tag-edificio","tag-llaves","tag-policia","tag-robo"],"_links":{"self":[{"href":"https:\/\/www.elsindical.com.ar\/notas\/wp-json\/wp\/v2\/posts\/27932","targetHints":{"allow":["GET"]}}],"collection":[{"href":"https:\/\/www.elsindical.com.ar\/notas\/wp-json\/wp\/v2\/posts"}],"about":[{"href":"https:\/\/www.elsindical.com.ar\/notas\/wp-json\/wp\/v2\/types\/post"}],"author":[{"embeddable":true,"href":"https:\/\/www.elsindical.com.ar\/notas\/wp-json\/wp\/v2\/users\/1"}],"replies":[{"embeddable":true,"href":"https:\/\/www.elsindical.com.ar\/notas\/wp-json\/wp\/v2\/comments?post=27932"}],"version-history":[{"count":1,"href":"https:\/\/www.elsindical.com.ar\/notas\/wp-json\/wp\/v2\/posts\/27932\/revisions"}],"predecessor-version":[{"id":27934,"href":"https:\/\/www.elsindical.com.ar\/notas\/wp-json\/wp\/v2\/posts\/27932\/revisions\/27934"}],"wp:attachment":[{"href":"https:\/\/www.elsindical.com.ar\/notas\/wp-json\/wp\/v2\/media?parent=27932"}],"wp:term":[{"taxonomy":"category","embeddable":true,"href":"https:\/\/www.elsindical.com.ar\/notas\/wp-json\/wp\/v2\/categories?post=27932"},{"taxonomy":"post_tag","embeddable":true,"href":"https:\/\/www.elsindical.com.ar\/notas\/wp-json\/wp\/v2\/tags?post=27932"}],"curies":[{"name":"wp","href":"https:\/\/api.w.org\/{rel}","templated":true}]}}