{"id":27888,"date":"2012-09-27T22:42:29","date_gmt":"2012-09-28T01:42:29","guid":{"rendered":"http:\/\/www.elsindical.com.ar\/notas\/?p=27888"},"modified":"2012-09-27T22:42:29","modified_gmt":"2012-09-28T01:42:29","slug":"denunciamos-una-nueva-agresion-de-la-patota-de-guillermo-moreno-a-un-companero-del-indec","status":"publish","type":"post","link":"https:\/\/www.elsindical.com.ar\/notas\/denunciamos-una-nueva-agresion-de-la-patota-de-guillermo-moreno-a-un-companero-del-indec\/","title":{"rendered":"Denunciamos una nueva agresi\u00f3n de la patota de Guillermo Moreno a un compa\u00f1ero del Indec"},"content":{"rendered":"<p style=\"text-align: justify;\"><em><a href=\"http:\/\/www.elsindical.com.ar\/notas\/var\/www\/html\/notas\/wp-content\/uploads\/2012\/09\/despidos-INDEC.jpg\"><img loading=\"lazy\" decoding=\"async\" class=\"alignleft size-medium wp-image-27889\" title=\"despidos-INDEC\" src=\"http:\/\/www.elsindical.com.ar\/notas\/var\/www\/html\/notas\/wp-content\/uploads\/2012\/09\/despidos-INDEC-300x224.jpg\" alt=\"\" width=\"300\" height=\"224\" srcset=\"https:\/\/www.elsindical.com.ar\/notas\/var\/www\/html\/notas\/wp-content\/uploads\/2012\/09\/despidos-INDEC-300x224.jpg 300w, https:\/\/www.elsindical.com.ar\/notas\/var\/www\/html\/notas\/wp-content\/uploads\/2012\/09\/despidos-INDEC.jpg 443w\" sizes=\"auto, (max-width: 300px) 100vw, 300px\" \/><\/a>En el mediod\u00eda del ayer (26\/9) el compa\u00f1ero Facundo Lahitte, que se encontraba realizando un tr\u00e1mite en el Indec, fue agredido por Jos\u00e9 Luis Blanco, un prominente jefe de la patota que act\u00faa impunemente en el Instituto y mano derecha de Guillermo Moreno. A los gritos, con empujones y puntapi\u00e9s, Blanco hizo sacar a nuestro compa\u00f1ero del edificio.<\/em><\/p>\n<p style=\"text-align: justify;\">Facundo fue despedido en Febrero de 2011 del\u00a0 Instituto de estad\u00edstica por denunciar junto con sus compa\u00f1eros la manipulaci\u00f3n de los \u00edndices y hoy se encuentra en juicio por su reincorporaci\u00f3n. Blanco es un \u00abap\u00f3stol\u00bb de Moreno que lo acompa\u00f1a desde la \u00e9poca del mercado central. Ya hab\u00eda actuado con la patota en Plaza de Mayo y en la quinta presidencial en 2008 y en el ataque a los trabajadores del Indec en la Feria del Libro en abril de 2010 al mando de un sector de la barra de Chicago.<\/p>\n<p style=\"text-align: justify;\">Los sistem\u00e1ticos ataques contra los trabajadores -particularmente los nucleados en ATE que han encabezado las denuncias- con despidos, sanciones y agresiones f\u00edsicas, estuvieron al servicio de la presentaci\u00f3n de estad\u00edsticas al gusto del Gobierno.<\/p>\n<p style=\"text-align: justify;\">Exigimos la inmediata separaci\u00f3n del patotero Jos\u00e9 Luis Blanco y el fin del amedrentamiento contra los luchadores del Indec y hacemos responsable al Gobierno Nacional y a la Direcci\u00f3n del Instituto por cualquier agresi\u00f3n que pueda sufrir el compa\u00f1ero.<\/p>\n","protected":false},"excerpt":{"rendered":"<p>En el mediod\u00eda del ayer (26\/9) el compa\u00f1ero Facundo Lahitte, que se encontraba realizando un tr\u00e1mite en el Indec, fue agredido por Jos\u00e9 Luis Blanco, un prominente jefe de la patota que act\u00faa impunemente en el Instituto y mano derecha de Guillermo Moreno. A los gritos, con empujones y puntapi\u00e9s, Blanco hizo sacar a nuestro&hellip;<\/p>\n","protected":false},"author":1,"featured_media":0,"comment_status":"open","ping_status":"open","sticky":false,"template":"","format":"standard","meta":{"footnotes":""},"categories":[6],"tags":[1117,12933,320,3397,2200,12932,8728,3648],"class_list":["post-27888","post","type-post","status-publish","format-standard","hentry","category-denuncias","tag-agresiones","tag-facundo-lahitte","tag-golpes","tag-guillermo-moreno","tag-indec","tag-jose-luis-blanco","tag-patadas","tag-patota"],"_links":{"self":[{"href":"https:\/\/www.elsindical.com.ar\/notas\/wp-json\/wp\/v2\/posts\/27888","targetHints":{"allow":["GET"]}}],"collection":[{"href":"https:\/\/www.elsindical.com.ar\/notas\/wp-json\/wp\/v2\/posts"}],"about":[{"href":"https:\/\/www.elsindical.com.ar\/notas\/wp-json\/wp\/v2\/types\/post"}],"author":[{"embeddable":true,"href":"https:\/\/www.elsindical.com.ar\/notas\/wp-json\/wp\/v2\/users\/1"}],"replies":[{"embeddable":true,"href":"https:\/\/www.elsindical.com.ar\/notas\/wp-json\/wp\/v2\/comments?post=27888"}],"version-history":[{"count":2,"href":"https:\/\/www.elsindical.com.ar\/notas\/wp-json\/wp\/v2\/posts\/27888\/revisions"}],"predecessor-version":[{"id":27891,"href":"https:\/\/www.elsindical.com.ar\/notas\/wp-json\/wp\/v2\/posts\/27888\/revisions\/27891"}],"wp:attachment":[{"href":"https:\/\/www.elsindical.com.ar\/notas\/wp-json\/wp\/v2\/media?parent=27888"}],"wp:term":[{"taxonomy":"category","embeddable":true,"href":"https:\/\/www.elsindical.com.ar\/notas\/wp-json\/wp\/v2\/categories?post=27888"},{"taxonomy":"post_tag","embeddable":true,"href":"https:\/\/www.elsindical.com.ar\/notas\/wp-json\/wp\/v2\/tags?post=27888"}],"curies":[{"name":"wp","href":"https:\/\/api.w.org\/{rel}","templated":true}]}}