{"id":27882,"date":"2012-09-27T20:35:28","date_gmt":"2012-09-27T23:35:28","guid":{"rendered":"http:\/\/www.elsindical.com.ar\/notas\/?p=27882"},"modified":"2012-09-27T20:35:28","modified_gmt":"2012-09-27T23:35:28","slug":"el-gobierno-nacional-denuncio-que-moreno-recibio-amenazas-de-muerte","status":"publish","type":"post","link":"https:\/\/www.elsindical.com.ar\/notas\/el-gobierno-nacional-denuncio-que-moreno-recibio-amenazas-de-muerte\/","title":{"rendered":"El gobierno nacional denunci\u00f3 que Moreno recibi\u00f3 \u00abamenazas de muerte\u00bb"},"content":{"rendered":"<div style=\"text-align: justify;\">\n<p><em><a href=\"http:\/\/www.elsindical.com.ar\/notas\/var\/www\/html\/notas\/wp-content\/uploads\/2012\/09\/escrache-a-Moreno-caj\u00f3n.jpg\"><img loading=\"lazy\" decoding=\"async\" class=\"alignleft size-medium wp-image-27883\" title=\"escrache-a-Moreno-caj\u00f3n\" src=\"http:\/\/www.elsindical.com.ar\/notas\/var\/www\/html\/notas\/wp-content\/uploads\/2012\/09\/escrache-a-Moreno-caj\u00f3n-300x192.jpg\" alt=\"\" width=\"300\" height=\"192\" srcset=\"https:\/\/www.elsindical.com.ar\/notas\/var\/www\/html\/notas\/wp-content\/uploads\/2012\/09\/escrache-a-Moreno-caj\u00f3n-300x192.jpg 300w, https:\/\/www.elsindical.com.ar\/notas\/var\/www\/html\/notas\/wp-content\/uploads\/2012\/09\/escrache-a-Moreno-caj\u00f3n.jpg 502w\" sizes=\"auto, (max-width: 300px) 100vw, 300px\" \/><\/a>El ministro de Justicia, <strong>Julio Alak<\/strong>, present\u00f3 una <strong>demanda penal <\/strong>en donde objet\u00f3 un afiche que circula en las redes sociales con la imagen del funcionario dentro de un f\u00e9retro. La presentaci\u00f3n surgi\u00f3 luego de la protesta que se realiz\u00f3 ayer en la casa del Secretario.\u00a0<\/em><\/p>\n<\/div>\n<div style=\"text-align: justify;\">\n<p><strong>Julio Alak<\/strong> denunci\u00f3 hoy penalmente a los \u00ab<strong>caceroleros<\/strong>\u00bb que anoche protestaron frente al edificio en el que vive el secretario de Comercio Interior, <strong>Guillermo Moreno<\/strong>, en el barrio porte\u00f1o de Constituci\u00f3n.<\/p>\n<p><strong>Seg\u00fan un comunicado oficial, \u00ablos hechos denunciados configuran los delitos de amenazas, incitaci\u00f3n a la violencia e intimidaci\u00f3n contra un funcionario p\u00fablico agravada, tipificados en los art\u00edculos 149 bis, 212, 237 y 238 del C\u00f3digo Penal\u00bb.<\/strong><\/p>\n<p>\u00abMoreno es sometido desde hace varios d\u00edas, a trav\u00e9s de diferentes redes sociales, a amenazas de muerte. Las intimidaciones son, adem\u00e1s, fomentadas mediante una innumerable cantidad de mensajes que alientan a concretar el hecho\u00bb, se\u00f1al\u00f3 el propio Alak luego de presentar la denuncia.<\/p>\n<p>El ministro concurri\u00f3 a la sede de los tribunales federales de Comodoro Py 2002 acompa\u00f1ado por el secretario de Justicia, <strong>Juli\u00e1n \u00c1lvarez<\/strong>.<\/p>\n<p>La denuncia recay\u00f3 en el juzgado federal de <strong>Norberto Oyarbide<\/strong>, quien de inmediato se apart\u00f3 de la denuncia, que ahora ir\u00e1 de nuevo a la C\u00e1mara Federal para que sea sorteada.<\/p>\n<p>Este mi\u00e9rcoles Oyarbide hab\u00eda adoptado una decisi\u00f3n similar cuando hab\u00eda sido sorteado para entender en el expediente por supuestas amenazas de Moreno contra una despachante de aduana.<\/p>\n<p>Anoche, un escaso grupo de personas realiz\u00f3 una protesta en Salta al 900, en el barrio porte\u00f1o de San Telmo, frente a la vivienda del secretario de Comercio Interior.<\/p>\n<p>Entre las personas que se encontraban en la zona <strong>se pudo ver a varios efectivos de civil que realizaban anotaciones sobre todo lo que suced\u00eda<\/strong>. A pocos metros, otro grupo que respalda las pol\u00edticas del Gobierno se mostraba desafiante ante los \u00abcaceroleros\u00bb.<\/p>\n<p><a href=\"http:\/\/www.elsindical.com.ar\/notas\/a-guillermo-moreno-el-cacerolazo-le-dolio-como-si-le-mojaran-la-oreja\/\">La protesta gener\u00f3 la reacci\u00f3n de Moreno, quien en un acto en Vicente L\u00f3pez, exclam\u00f3: \u00abQue se metan la cacerola en el orto\u00bb.<\/a><\/p>\n<\/div>\n","protected":false},"excerpt":{"rendered":"<p>El ministro de Justicia, Julio Alak, present\u00f3 una demanda penal en donde objet\u00f3 un afiche que circula en las redes sociales con la imagen del funcionario dentro de un f\u00e9retro. La presentaci\u00f3n surgi\u00f3 luego de la protesta que se realiz\u00f3 ayer en la casa del Secretario.\u00a0 Julio Alak denunci\u00f3 hoy penalmente a los \u00abcaceroleros\u00bb que&hellip;<\/p>\n","protected":false},"author":1,"featured_media":0,"comment_status":"open","ping_status":"open","sticky":false,"template":"","format":"standard","meta":{"footnotes":""},"categories":[6],"tags":[324,12929,11771,9638,1726,11117,12930],"class_list":["post-27882","post","type-post","status-publish","format-standard","hentry","category-denuncias","tag-constitucion","tag-demanda-penal","tag-feretro","tag-funcionario","tag-julio-alak","tag-ministro-de-justicia","tag-secretario"],"_links":{"self":[{"href":"https:\/\/www.elsindical.com.ar\/notas\/wp-json\/wp\/v2\/posts\/27882","targetHints":{"allow":["GET"]}}],"collection":[{"href":"https:\/\/www.elsindical.com.ar\/notas\/wp-json\/wp\/v2\/posts"}],"about":[{"href":"https:\/\/www.elsindical.com.ar\/notas\/wp-json\/wp\/v2\/types\/post"}],"author":[{"embeddable":true,"href":"https:\/\/www.elsindical.com.ar\/notas\/wp-json\/wp\/v2\/users\/1"}],"replies":[{"embeddable":true,"href":"https:\/\/www.elsindical.com.ar\/notas\/wp-json\/wp\/v2\/comments?post=27882"}],"version-history":[{"count":1,"href":"https:\/\/www.elsindical.com.ar\/notas\/wp-json\/wp\/v2\/posts\/27882\/revisions"}],"predecessor-version":[{"id":27884,"href":"https:\/\/www.elsindical.com.ar\/notas\/wp-json\/wp\/v2\/posts\/27882\/revisions\/27884"}],"wp:attachment":[{"href":"https:\/\/www.elsindical.com.ar\/notas\/wp-json\/wp\/v2\/media?parent=27882"}],"wp:term":[{"taxonomy":"category","embeddable":true,"href":"https:\/\/www.elsindical.com.ar\/notas\/wp-json\/wp\/v2\/categories?post=27882"},{"taxonomy":"post_tag","embeddable":true,"href":"https:\/\/www.elsindical.com.ar\/notas\/wp-json\/wp\/v2\/tags?post=27882"}],"curies":[{"name":"wp","href":"https:\/\/api.w.org\/{rel}","templated":true}]}}