{"id":27871,"date":"2012-09-27T19:34:05","date_gmt":"2012-09-27T22:34:05","guid":{"rendered":"http:\/\/www.elsindical.com.ar\/notas\/?p=27871"},"modified":"2012-09-27T19:34:05","modified_gmt":"2012-09-27T22:34:05","slug":"blackberry-producira-dos-nuevos-celulares-en-argentina","status":"publish","type":"post","link":"https:\/\/www.elsindical.com.ar\/notas\/blackberry-producira-dos-nuevos-celulares-en-argentina\/","title":{"rendered":"BlackBerry producir\u00e1 dos nuevos celulares en Argentina"},"content":{"rendered":"<p style=\"text-align: justify;\"><em><a href=\"http:\/\/www.elsindical.com.ar\/notas\/var\/www\/html\/notas\/wp-content\/uploads\/2012\/09\/reuni\u00f3n-BlackBerry-ministro-industria.jpg\"><img loading=\"lazy\" decoding=\"async\" class=\"alignleft size-medium wp-image-27872\" title=\"reuni\u00f3n-BlackBerry-ministro-industria\" src=\"http:\/\/www.elsindical.com.ar\/notas\/var\/www\/html\/notas\/wp-content\/uploads\/2012\/09\/reuni\u00f3n-BlackBerry-ministro-industria-300x180.jpg\" alt=\"\" width=\"300\" height=\"180\" srcset=\"https:\/\/www.elsindical.com.ar\/notas\/var\/www\/html\/notas\/wp-content\/uploads\/2012\/09\/reuni\u00f3n-BlackBerry-ministro-industria-300x180.jpg 300w, https:\/\/www.elsindical.com.ar\/notas\/var\/www\/html\/notas\/wp-content\/uploads\/2012\/09\/reuni\u00f3n-BlackBerry-ministro-industria.jpg 443w\" sizes=\"auto, (max-width: 300px) 100vw, 300px\" \/><\/a>En una reuni\u00f3n con la ministra de Industria, D\u00e9bora Giorgi, representantes de la firma RIM anunciaron que a partir de diciembre comenzar\u00e1n a producir los modelos 9220 y 9320 en Tierra del Fuego. Los nuevos equipos corresponden a una gama m\u00e1s moderna y estar\u00e1n a la venta a partir de enero de 2013.<\/em><\/p>\n<p style=\"text-align: justify;\">La ministra de Industria, D\u00e9bora Giorgi, recibi\u00f3 a representantes de la firma RIM, quienes le anunciaron que la empresa comenzar\u00e1 a producir los dos nuevos modelos desde diciembre en Tierra del Fuego. Se tratan de los modelos 9220 y 9320 que reemplazar\u00e1n, respectivamente, al 8520 que dejar\u00e1 de producirse en noviembre y al 9300 que saldr\u00e1 de producci\u00f3n en diciembre.<\/p>\n<p style=\"text-align: justify;\">Los nuevos modelos corresponden a una gama m\u00e1s moderna y estar\u00e1n a la venta a partir de enero de 2013.<\/p>\n<p style=\"text-align: justify;\">\u201cTenemos un mercado interno con demanda creciente y el objetivo es que el mercado sea abastecido con producci\u00f3n y trabajo local\u201d, dijo Giorgi y agreg\u00f3 que \u201cel Gobierno Nacional dise\u00f1\u00f3 una pol\u00edtica industrial para impulsar un polo tecnol\u00f3gico en Tierra del Fuego, que no difiere en mucho de lo que ya hicieron hace d\u00e9cadas otros pa\u00edses y les dio resultado\u201d.<\/p>\n<p style=\"text-align: justify;\">Por su parte, el presidente de Relaciones Gubernamentales de la firma RIM &#8211; fabricante de BlackBerry-, Clint Robinson, dijo a la ministra que en esta etapa de transici\u00f3n la firma sigue creciendo gracias a Am\u00e9rica Latina, la regi\u00f3n del mundo que est\u00e1 traccionando las ventas mundiales.<\/p>\n<p style=\"text-align: justify;\">Adem\u00e1s, cont\u00f3 a Giorgi que la empresa canadiense est\u00e1 desarrollando un nuevo sistema operativo para todos los aparatos de su marca, llamado BlackBerry 10, que comenzar\u00eda a incluirse en los equipos de la empresa en marzo de 2013.<\/p>\n<p style=\"text-align: justify;\">Tambi\u00e9n participaron de la reuni\u00f3n el secretario de Industria, Javier Rando, la directora senior de Relaciones Gubernamentales de RIM, Adrean Rothkopf y el director de Relaciones Institucionales de la firma, Fernando Sedano.<\/p>\n","protected":false},"excerpt":{"rendered":"<p>En una reuni\u00f3n con la ministra de Industria, D\u00e9bora Giorgi, representantes de la firma RIM anunciaron que a partir de diciembre comenzar\u00e1n a producir los modelos 9220 y 9320 en Tierra del Fuego. Los nuevos equipos corresponden a una gama m\u00e1s moderna y estar\u00e1n a la venta a partir de enero de 2013. La ministra&hellip;<\/p>\n","protected":false},"author":1,"featured_media":0,"comment_status":"open","ping_status":"open","sticky":false,"template":"","format":"standard","meta":{"footnotes":""},"categories":[28],"tags":[4338,12921,8292,12919,7516,12920],"class_list":["post-27871","post","type-post","status-publish","format-standard","hentry","category-empresariales","tag-blackberry","tag-clint-robinson","tag-debora-giorgi","tag-ministra-de-industria","tag-rim","tag-tierra-del-fuego"],"_links":{"self":[{"href":"https:\/\/www.elsindical.com.ar\/notas\/wp-json\/wp\/v2\/posts\/27871","targetHints":{"allow":["GET"]}}],"collection":[{"href":"https:\/\/www.elsindical.com.ar\/notas\/wp-json\/wp\/v2\/posts"}],"about":[{"href":"https:\/\/www.elsindical.com.ar\/notas\/wp-json\/wp\/v2\/types\/post"}],"author":[{"embeddable":true,"href":"https:\/\/www.elsindical.com.ar\/notas\/wp-json\/wp\/v2\/users\/1"}],"replies":[{"embeddable":true,"href":"https:\/\/www.elsindical.com.ar\/notas\/wp-json\/wp\/v2\/comments?post=27871"}],"version-history":[{"count":1,"href":"https:\/\/www.elsindical.com.ar\/notas\/wp-json\/wp\/v2\/posts\/27871\/revisions"}],"predecessor-version":[{"id":27873,"href":"https:\/\/www.elsindical.com.ar\/notas\/wp-json\/wp\/v2\/posts\/27871\/revisions\/27873"}],"wp:attachment":[{"href":"https:\/\/www.elsindical.com.ar\/notas\/wp-json\/wp\/v2\/media?parent=27871"}],"wp:term":[{"taxonomy":"category","embeddable":true,"href":"https:\/\/www.elsindical.com.ar\/notas\/wp-json\/wp\/v2\/categories?post=27871"},{"taxonomy":"post_tag","embeddable":true,"href":"https:\/\/www.elsindical.com.ar\/notas\/wp-json\/wp\/v2\/tags?post=27871"}],"curies":[{"name":"wp","href":"https:\/\/api.w.org\/{rel}","templated":true}]}}