{"id":27790,"date":"2012-09-26T09:28:32","date_gmt":"2012-09-26T12:28:32","guid":{"rendered":"http:\/\/www.elsindical.com.ar\/notas\/?p=27790"},"modified":"2012-09-26T09:28:32","modified_gmt":"2012-09-26T12:28:32","slug":"el-sindical-radio-dia-24-de-septiembre-del-2012","status":"publish","type":"post","link":"https:\/\/www.elsindical.com.ar\/notas\/el-sindical-radio-dia-24-de-septiembre-del-2012\/","title":{"rendered":"El Sindical Radio d\u00eda 24 de septiembre del 2012"},"content":{"rendered":"<p style=\"text-align: justify;\"><a href=\"http:\/\/www.elsindical.com.ar\/notas\/var\/www\/html\/notas\/wp-content\/uploads\/2012\/06\/RadiosOnlineFM.jpg\"><img loading=\"lazy\" decoding=\"async\" class=\"alignleft size-medium wp-image-25011\" title=\"RadiosOnlineFM\" src=\"http:\/\/www.elsindical.com.ar\/notas\/var\/www\/html\/notas\/wp-content\/uploads\/2012\/06\/RadiosOnlineFM-300x250.jpg\" alt=\"\" width=\"300\" height=\"250\" srcset=\"https:\/\/www.elsindical.com.ar\/notas\/var\/www\/html\/notas\/wp-content\/uploads\/2012\/06\/RadiosOnlineFM-300x250.jpg 300w, https:\/\/www.elsindical.com.ar\/notas\/var\/www\/html\/notas\/wp-content\/uploads\/2012\/06\/RadiosOnlineFM.jpg 500w\" sizes=\"auto, (max-width: 300px) 100vw, 300px\" \/><\/a>Programa radial El Sindical, lunes de 19:00 a 20:00 por la 88.1, FM Boedo. Conducido por la Dra. Mar\u00eda Laura Lastres, la Dra. Valeria Carreras, el Dr. Armando Mart\u00edn Sabadini y el periodista Marcelo Ricardo Hawrylciw.<\/p>\n<p style=\"text-align: justify;\">Programa del d\u00eda\u00a024 de septiembre del 2012 de El Sindical radio. Con la conducci\u00f3n de Mar\u00eda Laura Lastres, Valeria Carreras, Armando Mart\u00edn Sabadini\u00a0 quien participo de forma online y Marcelo Ricardo Hawrylciw.<\/p>\n<p style=\"text-align: justify;\">Participaron del programa los abogados Luis Serrano y Ezequiel Gatti quienes hablaron sobre los derechos de los trabajadores, especialmente los que se encuentran bajo el r\u00e9gimen denominado tercerizados. Posteriormente el Presidente del CAPCF, Jorge Rizzo, expuso sobre las declaraciones de la Presidente de la Naci\u00f3n sobre la industria del juicio laboral, donde los presentes debatimos al respecto, cada uno con su postura.<\/p>\n<p style=\"text-align: justify;\">Se comunic\u00f3 con el programa el Dr. Donato Spaccavento, sobre la problematica de la salud p\u00fablica en la Ciudad de Buenos Aires. Respondimos algunas de las inquietudes de los oyentes.<\/p>\n<p style=\"text-align: justify;\"><img loading=\"lazy\" decoding=\"async\" class=\"alignnone\" src=\"http:\/\/sphotos-a.ak.fbcdn.net\/hphotos-ak-ash4\/399695_4213072561346_455272025_n.jpg\" alt=\"\" width=\"720\" height=\"960\" \/><\/p>\n<p style=\"text-align: justify;\"><img loading=\"lazy\" decoding=\"async\" class=\"alignnone\" src=\"http:\/\/sphotos-g.ak.fbcdn.net\/hphotos-ak-ash4\/603359_4213073841378_171601145_n.jpg\" alt=\"\" width=\"960\" height=\"643\" \/><\/p>\n<p style=\"text-align: justify;\"><img loading=\"lazy\" decoding=\"async\" class=\"alignnone\" src=\"http:\/\/sphotos-c.ak.fbcdn.net\/hphotos-ak-ash3\/548220_4213075721425_1661128451_n.jpg\" alt=\"\" width=\"960\" height=\"643\" \/><\/p>\n<p style=\"text-align: justify;\"><img loading=\"lazy\" decoding=\"async\" class=\"alignnone\" src=\"http:\/\/sphotos-h.ak.fbcdn.net\/hphotos-ak-ash4\/384086_4213077241463_1521607260_n.jpg\" alt=\"\" width=\"960\" height=\"643\" \/><\/p>\n<p><iframe loading=\"lazy\" src=\"http:\/\/player.vimeo.com\/video\/50190707\" frameborder=\"0\" width=\"500\" height=\"375\"><\/iframe><\/p>\n<p><a href=\"http:\/\/vimeo.com\/50190707\">El Sindical 24 de septiembre 2012<\/a> from <a href=\"http:\/\/vimeo.com\/hawrylciw\">Marcelo Ricardo Hawrylciw<\/a> on <a href=\"http:\/\/vimeo.com\">Vimeo<\/a>.<\/p>\n<p><object width=\"353\" height=\"132\" classid=\"clsid:d27cdb6e-ae6d-11cf-96b8-444553540000\" codebase=\"http:\/\/download.macromedia.com\/pub\/shockwave\/cabs\/flash\/swflash.cab#version=6,0,40,0\"><param name=\"src\" value=\"http:\/\/www.goear.com\/files\/external.swf?file=0db0c1b\" \/><param name=\"wmode\" value=\"transparent\" \/><param name=\"quality\" value=\"high\" \/><embed width=\"353\" height=\"132\" type=\"application\/x-shockwave-flash\" src=\"http:\/\/www.goear.com\/files\/external.swf?file=0db0c1b\" wmode=\"transparent\" quality=\"high\" \/><\/object><\/p>\n","protected":false},"excerpt":{"rendered":"<p>Programa radial El Sindical, lunes de 19:00 a 20:00 por la 88.1, FM Boedo. Conducido por la Dra. Mar\u00eda Laura Lastres, la Dra. Valeria Carreras, el Dr. Armando Mart\u00edn Sabadini y el periodista Marcelo Ricardo Hawrylciw. Programa del d\u00eda\u00a024 de septiembre del 2012 de El Sindical radio. Con la conducci\u00f3n de Mar\u00eda Laura Lastres, Valeria&hellip;<\/p>\n","protected":false},"author":1,"featured_media":0,"comment_status":"open","ping_status":"open","sticky":false,"template":"","format":"standard","meta":{"footnotes":""},"categories":[11826],"tags":[11828,11830,12893,12892,11827,759,12891,1448,11829,5517,11939],"class_list":["post-27790","post","type-post","status-publish","format-standard","hentry","category-el-sindical-radio","tag-88-1","tag-armando-martin-sabadini","tag-donato-spaccavento","tag-ezequiel-gatti","tag-fm-boedo","tag-jorge-rizzo","tag-luis-serrano","tag-marcelo-ricardo-hawrylciw","tag-maria-laura-lastres","tag-radio","tag-valeria-carreras"],"_links":{"self":[{"href":"https:\/\/www.elsindical.com.ar\/notas\/wp-json\/wp\/v2\/posts\/27790","targetHints":{"allow":["GET"]}}],"collection":[{"href":"https:\/\/www.elsindical.com.ar\/notas\/wp-json\/wp\/v2\/posts"}],"about":[{"href":"https:\/\/www.elsindical.com.ar\/notas\/wp-json\/wp\/v2\/types\/post"}],"author":[{"embeddable":true,"href":"https:\/\/www.elsindical.com.ar\/notas\/wp-json\/wp\/v2\/users\/1"}],"replies":[{"embeddable":true,"href":"https:\/\/www.elsindical.com.ar\/notas\/wp-json\/wp\/v2\/comments?post=27790"}],"version-history":[{"count":3,"href":"https:\/\/www.elsindical.com.ar\/notas\/wp-json\/wp\/v2\/posts\/27790\/revisions"}],"predecessor-version":[{"id":27842,"href":"https:\/\/www.elsindical.com.ar\/notas\/wp-json\/wp\/v2\/posts\/27790\/revisions\/27842"}],"wp:attachment":[{"href":"https:\/\/www.elsindical.com.ar\/notas\/wp-json\/wp\/v2\/media?parent=27790"}],"wp:term":[{"taxonomy":"category","embeddable":true,"href":"https:\/\/www.elsindical.com.ar\/notas\/wp-json\/wp\/v2\/categories?post=27790"},{"taxonomy":"post_tag","embeddable":true,"href":"https:\/\/www.elsindical.com.ar\/notas\/wp-json\/wp\/v2\/tags?post=27790"}],"curies":[{"name":"wp","href":"https:\/\/api.w.org\/{rel}","templated":true}]}}