{"id":27650,"date":"2012-09-21T02:18:56","date_gmt":"2012-09-21T05:18:56","guid":{"rendered":"http:\/\/www.elsindical.com.ar\/notas\/?p=27650"},"modified":"2012-09-21T02:19:28","modified_gmt":"2012-09-21T05:19:28","slug":"la-suprema-corte-analizara-el-informe-del-senado-por-el-caso-candela","status":"publish","type":"post","link":"https:\/\/www.elsindical.com.ar\/notas\/la-suprema-corte-analizara-el-informe-del-senado-por-el-caso-candela\/","title":{"rendered":"La Suprema Corte analizar\u00e1 el informe del Senado por el Caso Candela"},"content":{"rendered":"<p style=\"text-align: justify;\"><em><a href=\"http:\/\/www.elsindical.com.ar\/notas\/var\/www\/html\/notas\/wp-content\/uploads\/2012\/09\/Mar\u00eda-del-Carmen-Falbo.jpg\"><img loading=\"lazy\" decoding=\"async\" class=\"alignleft size-medium wp-image-27651\" title=\"Mar\u00eda-del-Carmen-Falbo\" src=\"http:\/\/www.elsindical.com.ar\/notas\/var\/www\/html\/notas\/wp-content\/uploads\/2012\/09\/Mar\u00eda-del-Carmen-Falbo-300x164.jpg\" alt=\"\" width=\"300\" height=\"164\" srcset=\"https:\/\/www.elsindical.com.ar\/notas\/var\/www\/html\/notas\/wp-content\/uploads\/2012\/09\/Mar\u00eda-del-Carmen-Falbo-300x164.jpg 300w, https:\/\/www.elsindical.com.ar\/notas\/var\/www\/html\/notas\/wp-content\/uploads\/2012\/09\/Mar\u00eda-del-Carmen-Falbo.jpg 502w\" sizes=\"auto, (max-width: 300px) 100vw, 300px\" \/><\/a>As\u00ed lo indic\u00f3 la Procuradora General de la Suprema Corte, Mar\u00eda del Carmen Falbo. \u201cEstamos trabajando con nuestros relatores para hacer el an\u00e1lisis m\u00e1s puntual y veremos cu\u00e1les son los resultados\u201d, se\u00f1al\u00f3. El mi\u00e9rcoles, la presidenta del bloque del Frente para la Victoria-PJ, Cristina Fioramonti, entreg\u00f3 el informe al titular de la Corte bonaerense, N\u00e9stor De Lazzari.<\/em><\/p>\n<p style=\"text-align: justify;\">La Procuradora General de la Suprema Corte de Justicia, Mar\u00eda del Carmen Falbo, asegur\u00f3 ayer que \u201cse est\u00e1 analizando\u201d el informe sobre el Caso Candela que se present\u00f3 la semana pasada en la Legislatura provincial.<\/p>\n<p style=\"text-align: justify;\">\u201cEstamos trabajando con nuestros relatores para hacer el an\u00e1lisis m\u00e1s puntual y veremos cu\u00e1les son los resultados\u201d, dijo a la agencia T\u00e9lam la Procuradora General.<\/p>\n<p style=\"text-align: justify;\">Falbo hizo estas declaraciones al participar junto al gobernador bonaerense Daniel Scioli de la inauguraci\u00f3n de un edificio de la Defensor\u00eda Oficial de la provincia de Buenos Aires en La Plata.<\/p>\n<p style=\"text-align: justify;\">El mi\u00e9rcoles, la presidenta del bloque del Frente para la Victoria-PJ, Cristina Fioramonti, entreg\u00f3 el informe al titular de la Suprema Corte de Justicia bonaerense, N\u00e9stor De Lazzari, luego de que la semana pasada, la comisi\u00f3n especial de senadores bonaerenses que analiz\u00f3 la investigaci\u00f3n del crimen de Candela Rodr\u00edguez, cometido el a\u00f1o pasado, recomend\u00f3 a Daniel Scioli que exonere a Hugo Matzkin.<\/p>\n<p style=\"text-align: justify;\">Tambi\u00e9n solicit\u00f3 que se someta a jury al fiscal general, Federico Nieva Woodgate; los fiscales Marcelo Tavolaro y Leonardo Lisa; y el juez de Garant\u00edas Alfredo Meade, todos del Departamento de Mor\u00f3n.<\/p>\n","protected":false},"excerpt":{"rendered":"<p>As\u00ed lo indic\u00f3 la Procuradora General de la Suprema Corte, Mar\u00eda del Carmen Falbo. \u201cEstamos trabajando con nuestros relatores para hacer el an\u00e1lisis m\u00e1s puntual y veremos cu\u00e1les son los resultados\u201d, se\u00f1al\u00f3. El mi\u00e9rcoles, la presidenta del bloque del Frente para la Victoria-PJ, Cristina Fioramonti, entreg\u00f3 el informe al titular de la Corte bonaerense, N\u00e9stor&hellip;<\/p>\n","protected":false},"author":1,"featured_media":0,"comment_status":"open","ping_status":"open","sticky":false,"template":"","format":"standard","meta":{"footnotes":""},"categories":[20],"tags":[12755,12846,22020,4165,12847],"class_list":["post-27650","post","type-post","status-publish","format-standard","hentry","category-judiciales","tag-caso-candela","tag-denuncia-senadores","tag-denuncias","tag-maria-del-carmen-falbo","tag-procuradora-general-de-la-suprema-corte"],"_links":{"self":[{"href":"https:\/\/www.elsindical.com.ar\/notas\/wp-json\/wp\/v2\/posts\/27650","targetHints":{"allow":["GET"]}}],"collection":[{"href":"https:\/\/www.elsindical.com.ar\/notas\/wp-json\/wp\/v2\/posts"}],"about":[{"href":"https:\/\/www.elsindical.com.ar\/notas\/wp-json\/wp\/v2\/types\/post"}],"author":[{"embeddable":true,"href":"https:\/\/www.elsindical.com.ar\/notas\/wp-json\/wp\/v2\/users\/1"}],"replies":[{"embeddable":true,"href":"https:\/\/www.elsindical.com.ar\/notas\/wp-json\/wp\/v2\/comments?post=27650"}],"version-history":[{"count":3,"href":"https:\/\/www.elsindical.com.ar\/notas\/wp-json\/wp\/v2\/posts\/27650\/revisions"}],"predecessor-version":[{"id":27654,"href":"https:\/\/www.elsindical.com.ar\/notas\/wp-json\/wp\/v2\/posts\/27650\/revisions\/27654"}],"wp:attachment":[{"href":"https:\/\/www.elsindical.com.ar\/notas\/wp-json\/wp\/v2\/media?parent=27650"}],"wp:term":[{"taxonomy":"category","embeddable":true,"href":"https:\/\/www.elsindical.com.ar\/notas\/wp-json\/wp\/v2\/categories?post=27650"},{"taxonomy":"post_tag","embeddable":true,"href":"https:\/\/www.elsindical.com.ar\/notas\/wp-json\/wp\/v2\/tags?post=27650"}],"curies":[{"name":"wp","href":"https:\/\/api.w.org\/{rel}","templated":true}]}}