{"id":27643,"date":"2012-09-21T01:54:51","date_gmt":"2012-09-21T04:54:51","guid":{"rendered":"http:\/\/www.elsindical.com.ar\/notas\/?p=27643"},"modified":"2012-09-21T01:54:51","modified_gmt":"2012-09-21T04:54:51","slug":"google-le-gano-un-juicio-a-un-ex-funcionario-bonaerense-que-aparecia-en-las-busquedas-acusado-de-corrupcion","status":"publish","type":"post","link":"https:\/\/www.elsindical.com.ar\/notas\/google-le-gano-un-juicio-a-un-ex-funcionario-bonaerense-que-aparecia-en-las-busquedas-acusado-de-corrupcion\/","title":{"rendered":"Google le gan\u00f3 un juicio a un ex funcionario bonaerense que aparec\u00eda en las b\u00fasquedas acusado de corrupci\u00f3n"},"content":{"rendered":"<p style=\"text-align: justify;\"><em><a href=\"http:\/\/www.elsindical.com.ar\/notas\/var\/www\/html\/notas\/wp-content\/uploads\/2012\/09\/Juan-Manuel-Valcarcel-buscador.jpg\"><img loading=\"lazy\" decoding=\"async\" class=\"alignleft size-medium wp-image-27644\" title=\"Juan-Manuel-Valcarcel-buscador\" src=\"http:\/\/www.elsindical.com.ar\/notas\/var\/www\/html\/notas\/wp-content\/uploads\/2012\/09\/Juan-Manuel-Valcarcel-buscador-300x184.jpg\" alt=\"\" width=\"300\" height=\"184\" srcset=\"https:\/\/www.elsindical.com.ar\/notas\/var\/www\/html\/notas\/wp-content\/uploads\/2012\/09\/Juan-Manuel-Valcarcel-buscador-300x184.jpg 300w, https:\/\/www.elsindical.com.ar\/notas\/var\/www\/html\/notas\/wp-content\/uploads\/2012\/09\/Juan-Manuel-Valcarcel-buscador.jpg 502w\" sizes=\"auto, (max-width: 300px) 100vw, 300px\" \/><\/a>Juan Manuel Varcalcel reclamaba una reparaci\u00f3n ya que en Internet su nombre qued\u00f3 vinculado a hechos por los que finalmente fue absuelto.<\/em><\/p>\n<p style=\"text-align: justify;\">Una buena para Google se dio en las \u00faltimas horas, cuando el gigante de Internet le gan\u00f3 un juicio al ex diputado y ex funcionario bonaerense Juan Manuel Valcarcel, quien reclamaba la reparaci\u00f3n por \u201cda\u00f1os y perjuicios\u201d, ya que su nombre aparec\u00eda vinculado con hechos de corrupci\u00f3n a los que finalmente se lo hab\u00eda absuelto.<\/p>\n<p style=\"text-align: justify;\">Las \u00faltimas semanas no hab\u00edan sido \u00f3ptimas a nivel judicial para el buscador, a cual mandaron indemnizar a Paola Krum y una modelo cuyos nombres aparec\u00edan en sitios pornogr\u00e1ficos. Adem\u00e1s, otro fallo dispuso que el motor de b\u00fasqueda y los familiares de Jazm\u00edn De Grazia colaboren para evitar la difusi\u00f3n de las im\u00e1genes de la modelo minutos despu\u00e9s de morir,\u00a0 publicadas por el diario Cr\u00f3nica.<\/p>\n<p style=\"text-align: justify;\">En este \u00faltimo caso, Valcarcel, quien afront\u00f3 un proceso por presunta defraudaci\u00f3n contra el Estado por vender mercader\u00eda destinada a solidaridad y asistencia, aparece en p\u00e1ginas que surg\u00edan de la b\u00fasqueda en Google como \u201cdefraudador del Estado\u201d y \u201casociado a la corrupci\u00f3n en Argentina\u201d, pese a que hab\u00eda sido declarado inocente por aquellas imputaciones.<\/p>\n<p style=\"text-align: justify;\">Los camaristas Alfredo Gusm\u00e1n, Ricardo Guarinoni y Santiago Kiernan ratificaron la vigencia de la libertad de prensa, \u201csobre todo frente el car\u00e1cter de funcionario p\u00fablico que ostent\u00f3 el peticionario\u00bb. \u201cLa b\u00fasqueda, recepci\u00f3n y difusi\u00f3n de ideas de toda \u00edndole, a trav\u00e9s del servicio de Internet se considera comprendido dentro de la garant\u00eda constitucional que ampara la libertad de expresi\u00f3n\u00bb, resumieron.<\/p>\n<p style=\"text-align: justify;\">A diferencia de los casos en que mujeres aparecen relacionadas falsamente con sitios de pornograf\u00eda o prostituci\u00f3n, los jueces sostuvieron que \u201cla informaci\u00f3n a la cual se busca impedir el acceso se refiere a una causa judicial en la cual fue imputado y luego sobrese\u00eddo\u201d.<\/p>\n<p style=\"text-align: justify;\">\u201cLos elementos arrimados (por Valcarcel) son insuficientes para juzgar -siquiera provisoriamente- la existencia de una lesi\u00f3n a los derechos personal\u00edsimos del actor, sobre todo trat\u00e1ndose de informaci\u00f3n que no fue generada por la demandada, que s\u00f3lo ha listado lo que otras personas dijeron sobre \u00e9l\u00bb, resumi\u00f3 el fallo.<\/p>\n<p style=\"text-align: justify;\">Valcarcel ocup\u00f3 cargos en la gobernaci\u00f3n bonaerense en todas las administraciones peronistas desde 1974 hasta 1991. Adem\u00e1s, fue diputado nacional durante ocho a\u00f1os (1991-1999) por el distrito provincial y subsecretario de Gesti\u00f3n P\u00fablica hasta 2002, cuando el entonces jefe de Gabinete, Alfredo Atanasof, lo desplaz\u00f3 al conocerse una investigaci\u00f3n judicial en su contra.<\/p>\n<p style=\"text-align: justify;\">\n<p style=\"text-align: justify;\">(Fuente: DyN)<\/p>\n","protected":false},"excerpt":{"rendered":"<p>Juan Manuel Varcalcel reclamaba una reparaci\u00f3n ya que en Internet su nombre qued\u00f3 vinculado a hechos por los que finalmente fue absuelto. Una buena para Google se dio en las \u00faltimas horas, cuando el gigante de Internet le gan\u00f3 un juicio al ex diputado y ex funcionario bonaerense Juan Manuel Valcarcel, quien reclamaba la reparaci\u00f3n&hellip;<\/p>\n","protected":false},"author":1,"featured_media":0,"comment_status":"open","ping_status":"open","sticky":false,"template":"","format":"standard","meta":{"footnotes":""},"categories":[20],"tags":[10733,1968,1790,814,12844,41,512],"class_list":["post-27643","post","type-post","status-publish","format-standard","hentry","category-judiciales","tag-danos-y-perjuicios","tag-demanda","tag-google","tag-internet","tag-juan-manuel-varcalcel","tag-justicia","tag-reclamo"],"_links":{"self":[{"href":"https:\/\/www.elsindical.com.ar\/notas\/wp-json\/wp\/v2\/posts\/27643","targetHints":{"allow":["GET"]}}],"collection":[{"href":"https:\/\/www.elsindical.com.ar\/notas\/wp-json\/wp\/v2\/posts"}],"about":[{"href":"https:\/\/www.elsindical.com.ar\/notas\/wp-json\/wp\/v2\/types\/post"}],"author":[{"embeddable":true,"href":"https:\/\/www.elsindical.com.ar\/notas\/wp-json\/wp\/v2\/users\/1"}],"replies":[{"embeddable":true,"href":"https:\/\/www.elsindical.com.ar\/notas\/wp-json\/wp\/v2\/comments?post=27643"}],"version-history":[{"count":1,"href":"https:\/\/www.elsindical.com.ar\/notas\/wp-json\/wp\/v2\/posts\/27643\/revisions"}],"predecessor-version":[{"id":27645,"href":"https:\/\/www.elsindical.com.ar\/notas\/wp-json\/wp\/v2\/posts\/27643\/revisions\/27645"}],"wp:attachment":[{"href":"https:\/\/www.elsindical.com.ar\/notas\/wp-json\/wp\/v2\/media?parent=27643"}],"wp:term":[{"taxonomy":"category","embeddable":true,"href":"https:\/\/www.elsindical.com.ar\/notas\/wp-json\/wp\/v2\/categories?post=27643"},{"taxonomy":"post_tag","embeddable":true,"href":"https:\/\/www.elsindical.com.ar\/notas\/wp-json\/wp\/v2\/tags?post=27643"}],"curies":[{"name":"wp","href":"https:\/\/api.w.org\/{rel}","templated":true}]}}