{"id":27600,"date":"2012-09-19T17:27:44","date_gmt":"2012-09-19T20:27:44","guid":{"rendered":"http:\/\/www.elsindical.com.ar\/notas\/?p=27600"},"modified":"2012-09-19T17:27:44","modified_gmt":"2012-09-19T20:27:44","slug":"la-platael-arbitro-baleado-en-un-robo-volvera-a-su-pueblo-por-la-inseguridad-que-se-vive-en-buenos-aires","status":"publish","type":"post","link":"https:\/\/www.elsindical.com.ar\/notas\/la-platael-arbitro-baleado-en-un-robo-volvera-a-su-pueblo-por-la-inseguridad-que-se-vive-en-buenos-aires\/","title":{"rendered":"La Plata:El arbitro baleado en un robo, volver\u00e1 a su pueblo por la inseguridad que se vive en Buenos Aires"},"content":{"rendered":"<p style=\"text-align: justify;\"><em><a href=\"http:\/\/www.elsindical.com.ar\/notas\/var\/www\/html\/notas\/wp-content\/uploads\/2012\/09\/Carlos-Guiotto.jpg\"><img loading=\"lazy\" decoding=\"async\" class=\"alignleft size-medium wp-image-27601\" title=\"Carlos-Guiotto\" src=\"http:\/\/www.elsindical.com.ar\/notas\/var\/www\/html\/notas\/wp-content\/uploads\/2012\/09\/Carlos-Guiotto-300x217.jpg\" alt=\"\" width=\"300\" height=\"217\" srcset=\"https:\/\/www.elsindical.com.ar\/notas\/var\/www\/html\/notas\/wp-content\/uploads\/2012\/09\/Carlos-Guiotto-300x217.jpg 300w, https:\/\/www.elsindical.com.ar\/notas\/var\/www\/html\/notas\/wp-content\/uploads\/2012\/09\/Carlos-Guiotto.jpg 413w\" sizes=\"auto, (max-width: 300px) 100vw, 300px\" \/><\/a>Hace poco m\u00e1s de un mes quiso <strong>ayudar<\/strong> a una vecina que era asaltada por <strong>motochorros<\/strong> y recibi\u00f3 un <strong>disparo<\/strong> en el abdomen que lo dej\u00f3 <strong>internado<\/strong> durante 28 d\u00edas. Recibi\u00f3 el alta y dijo que se va porque \u00ab<strong>as\u00ed no se puede vivir<\/strong>\u00ab.<\/em><\/p>\n<p style=\"text-align: justify;\"><strong>Carlos Guiotto<\/strong> es un \u00e1rbitro de f\u00fatbol oriundo de <strong>Patricios<\/strong>, un peque\u00f1o pueblo perteneciente al partido bonaerense de Nueve de Julio, que se desempe\u00f1aba en el<strong> Argentino B<\/strong>, hasta que fue v\u00edctima de un intento de <strong>robo<\/strong> que casi termina con su vida.<\/p>\n<p style=\"text-align: justify;\">El s\u00e1bado 11 de agosto se preparaba para hacer un asado en su casa de<strong> La Plata<\/strong>, cuando escuch\u00f3 que una mujer gritaba en la calle; al salir y ver que intentaban asaltarla, fue en su ayuda.<\/p>\n<p style=\"text-align: justify;\">La historia tuvo un final violento, porque los <strong>motochorros<\/strong> huyeron con la cartera de la v\u00edctima y, mientras escapaban, uno de los delincuentes gir\u00f3 y <strong>dispar\u00f3<\/strong> contra <strong>Guiotto<\/strong>.<\/p>\n<p style=\"text-align: justify;\">El \u00e1rbitro qued\u00f3 malherido en el piso, con un <strong>balazo<\/strong> en el <strong>abdomen,<\/strong> y debi\u00f3 ser internado de urgencia en el Hospital San Mart\u00edn de la capital de la provincia de Buenos Aires.<\/p>\n<p style=\"text-align: justify;\">\u00abHablaban de meses de hospitalizaci\u00f3n, pero <strong>en 28 d\u00edas pude salir de terapia<\/strong> y pasar a una sala com\u00fan. Fue todo muy r\u00e1pido, los doctores estaban sorprendidos y muy contentos por la recuperaci\u00f3n\u00bb, cont\u00f3 hoy <strong>Guiotto<\/strong>, ya de alta y con ganas de retomar la actividad de juez de f\u00fatbol.<\/p>\n<p style=\"text-align: justify;\">Sin embargo, hay algo que cambi\u00f3. \u00abNo quiero ni acordarme de lo que pas\u00f3, fue un segundo&#8230; Hice dos pasos fuera de mi casa y recib\u00ed el impacto en el abdomen\u00bb, record\u00f3 con tristeza.<\/p>\n<p style=\"text-align: justify;\">De inmediato explic\u00f3 que <strong>ya no tiene ganas de vivir en la ciudad<\/strong>: \u00abAhora quiero volver a mi vida,<strong> retornar a mi ciudad<\/strong>, que es lo que ya est\u00e1bamos buscando pero esto lo adelant\u00f3. Este viaje (a Patricios) estaba calculado para m\u00e1s adelante, pero por todo esto se adelant\u00f3 porque <strong>as\u00ed no se puede vivir<\/strong>\u00ab, concluy\u00f3.<\/p>\n","protected":false},"excerpt":{"rendered":"<p>Hace poco m\u00e1s de un mes quiso ayudar a una vecina que era asaltada por motochorros y recibi\u00f3 un disparo en el abdomen que lo dej\u00f3 internado durante 28 d\u00edas. Recibi\u00f3 el alta y dijo que se va porque \u00abas\u00ed no se puede vivir\u00ab. Carlos Guiotto es un \u00e1rbitro de f\u00fatbol oriundo de Patricios, un&hellip;<\/p>\n","protected":false},"author":1,"featured_media":0,"comment_status":"open","ping_status":"open","sticky":false,"template":"","format":"standard","meta":{"footnotes":""},"categories":[25],"tags":[836,12836,239,116],"class_list":["post-27600","post","type-post","status-publish","format-standard","hentry","category-sociedad","tag-9-de-julio","tag-carlos-guiotto","tag-la-plata","tag-robo"],"_links":{"self":[{"href":"https:\/\/www.elsindical.com.ar\/notas\/wp-json\/wp\/v2\/posts\/27600","targetHints":{"allow":["GET"]}}],"collection":[{"href":"https:\/\/www.elsindical.com.ar\/notas\/wp-json\/wp\/v2\/posts"}],"about":[{"href":"https:\/\/www.elsindical.com.ar\/notas\/wp-json\/wp\/v2\/types\/post"}],"author":[{"embeddable":true,"href":"https:\/\/www.elsindical.com.ar\/notas\/wp-json\/wp\/v2\/users\/1"}],"replies":[{"embeddable":true,"href":"https:\/\/www.elsindical.com.ar\/notas\/wp-json\/wp\/v2\/comments?post=27600"}],"version-history":[{"count":1,"href":"https:\/\/www.elsindical.com.ar\/notas\/wp-json\/wp\/v2\/posts\/27600\/revisions"}],"predecessor-version":[{"id":27602,"href":"https:\/\/www.elsindical.com.ar\/notas\/wp-json\/wp\/v2\/posts\/27600\/revisions\/27602"}],"wp:attachment":[{"href":"https:\/\/www.elsindical.com.ar\/notas\/wp-json\/wp\/v2\/media?parent=27600"}],"wp:term":[{"taxonomy":"category","embeddable":true,"href":"https:\/\/www.elsindical.com.ar\/notas\/wp-json\/wp\/v2\/categories?post=27600"},{"taxonomy":"post_tag","embeddable":true,"href":"https:\/\/www.elsindical.com.ar\/notas\/wp-json\/wp\/v2\/tags?post=27600"}],"curies":[{"name":"wp","href":"https:\/\/api.w.org\/{rel}","templated":true}]}}