{"id":27530,"date":"2012-09-18T12:56:27","date_gmt":"2012-09-18T15:56:27","guid":{"rendered":"http:\/\/www.elsindical.com.ar\/notas\/?p=27530"},"modified":"2012-09-18T12:56:27","modified_gmt":"2012-09-18T15:56:27","slug":"temperleyapunalaron-a-un-custodio-en-la-estacion","status":"publish","type":"post","link":"https:\/\/www.elsindical.com.ar\/notas\/temperleyapunalaron-a-un-custodio-en-la-estacion\/","title":{"rendered":"Temperley:Apu\u00f1alaron a un custodio en la estaci\u00f3n"},"content":{"rendered":"<p style=\"text-align: justify;\"><em><a href=\"http:\/\/www.elsindical.com.ar\/notas\/var\/www\/html\/notas\/wp-content\/uploads\/2012\/09\/agresi\u00f3n-guarda-Temperley.jpg\"><img loading=\"lazy\" decoding=\"async\" class=\"alignleft size-medium wp-image-27531\" title=\"agresi\u00f3n-guarda-Temperley\" src=\"http:\/\/www.elsindical.com.ar\/notas\/var\/www\/html\/notas\/wp-content\/uploads\/2012\/09\/agresi\u00f3n-guarda-Temperley-300x180.jpg\" alt=\"\" width=\"300\" height=\"180\" srcset=\"https:\/\/www.elsindical.com.ar\/notas\/var\/www\/html\/notas\/wp-content\/uploads\/2012\/09\/agresi\u00f3n-guarda-Temperley-300x180.jpg 300w, https:\/\/www.elsindical.com.ar\/notas\/var\/www\/html\/notas\/wp-content\/uploads\/2012\/09\/agresi\u00f3n-guarda-Temperley.jpg 443w\" sizes=\"auto, (max-width: 300px) 100vw, 300px\" \/><\/a>El hombre fue atacado esta madrugada por asaltantes, y fue herido cuando intent\u00f3 resistirse al robo. Los delegados de la l\u00ednea Roca aseguraron que \u201cse recupera\u201d, pero pidieron \u201cseguridad para trabajar\u201d. \u201cEsto no puede seguir as\u00ed\u201d, sostuvo uno de ellos,\u00a0 Jos\u00e9 Yankovskci.<\/em><\/p>\n<p style=\"text-align: justify;\">Un empleado de seguridad de la estaci\u00f3n de Temperley fue apu\u00f1alado esta ma\u00f1ana cuando intent\u00f3 resistirse a un robo. Si bien contin\u00faa hospitalizado, su vida no corre peligro.<\/p>\n<p style=\"text-align: justify;\">Seg\u00fan denunciaron esta ma\u00f1ana los empleados de la l\u00ednea Roca, los hechos de inseguridad en las estaciones y los alrededores \u201cson momeada corriente\u201d.<\/p>\n<p style=\"text-align: justify;\">\u201cNo podemos seguir as\u00ed, antes est\u00e1bamos un poco m\u00e1s protegidos, pero ahora no\u201d,\u00a0 se quej\u00f3 uno de los delegados de la l\u00ednea, Jos\u00e9 Yankovskci.<\/p>\n","protected":false},"excerpt":{"rendered":"<p>El hombre fue atacado esta madrugada por asaltantes, y fue herido cuando intent\u00f3 resistirse al robo. Los delegados de la l\u00ednea Roca aseguraron que \u201cse recupera\u201d, pero pidieron \u201cseguridad para trabajar\u201d. \u201cEsto no puede seguir as\u00ed\u201d, sostuvo uno de ellos,\u00a0 Jos\u00e9 Yankovskci. Un empleado de seguridad de la estaci\u00f3n de Temperley fue apu\u00f1alado esta ma\u00f1ana&hellip;<\/p>\n","protected":false},"author":1,"featured_media":0,"comment_status":"open","ping_status":"open","sticky":false,"template":"","format":"standard","meta":{"footnotes":""},"categories":[22],"tags":[541,12811,7660,1430],"class_list":["post-27530","post","type-post","status-publish","format-standard","hentry","category-policiales","tag-asaltantes","tag-jose-yankovskci","tag-linea-roca","tag-temperley"],"_links":{"self":[{"href":"https:\/\/www.elsindical.com.ar\/notas\/wp-json\/wp\/v2\/posts\/27530","targetHints":{"allow":["GET"]}}],"collection":[{"href":"https:\/\/www.elsindical.com.ar\/notas\/wp-json\/wp\/v2\/posts"}],"about":[{"href":"https:\/\/www.elsindical.com.ar\/notas\/wp-json\/wp\/v2\/types\/post"}],"author":[{"embeddable":true,"href":"https:\/\/www.elsindical.com.ar\/notas\/wp-json\/wp\/v2\/users\/1"}],"replies":[{"embeddable":true,"href":"https:\/\/www.elsindical.com.ar\/notas\/wp-json\/wp\/v2\/comments?post=27530"}],"version-history":[{"count":1,"href":"https:\/\/www.elsindical.com.ar\/notas\/wp-json\/wp\/v2\/posts\/27530\/revisions"}],"predecessor-version":[{"id":27532,"href":"https:\/\/www.elsindical.com.ar\/notas\/wp-json\/wp\/v2\/posts\/27530\/revisions\/27532"}],"wp:attachment":[{"href":"https:\/\/www.elsindical.com.ar\/notas\/wp-json\/wp\/v2\/media?parent=27530"}],"wp:term":[{"taxonomy":"category","embeddable":true,"href":"https:\/\/www.elsindical.com.ar\/notas\/wp-json\/wp\/v2\/categories?post=27530"},{"taxonomy":"post_tag","embeddable":true,"href":"https:\/\/www.elsindical.com.ar\/notas\/wp-json\/wp\/v2\/tags?post=27530"}],"curies":[{"name":"wp","href":"https:\/\/api.w.org\/{rel}","templated":true}]}}