{"id":27468,"date":"2012-09-17T12:19:06","date_gmt":"2012-09-17T15:19:06","guid":{"rendered":"http:\/\/www.elsindical.com.ar\/notas\/?p=27468"},"modified":"2012-09-17T12:19:06","modified_gmt":"2012-09-17T15:19:06","slug":"microcentrodelincuentes-chocan-y-terminan-dentro-de-una-pizzeria","status":"publish","type":"post","link":"https:\/\/www.elsindical.com.ar\/notas\/microcentrodelincuentes-chocan-y-terminan-dentro-de-una-pizzeria\/","title":{"rendered":"Microcentro:Delincuentes chocan y terminan dentro de una pizzer\u00eda"},"content":{"rendered":"<div id=\"bajada\" style=\"text-align: justify;\">\n<p><em><a href=\"http:\/\/www.elsindical.com.ar\/notas\/var\/www\/html\/notas\/wp-content\/uploads\/2012\/09\/auto-robado-microcentro.jpg\"><img loading=\"lazy\" decoding=\"async\" class=\"alignleft size-medium wp-image-27469\" title=\"auto-robado-microcentro\" src=\"http:\/\/www.elsindical.com.ar\/notas\/var\/www\/html\/notas\/wp-content\/uploads\/2012\/09\/auto-robado-microcentro-300x193.jpg\" alt=\"\" width=\"300\" height=\"193\" srcset=\"https:\/\/www.elsindical.com.ar\/notas\/var\/www\/html\/notas\/wp-content\/uploads\/2012\/09\/auto-robado-microcentro-300x193.jpg 300w, https:\/\/www.elsindical.com.ar\/notas\/var\/www\/html\/notas\/wp-content\/uploads\/2012\/09\/auto-robado-microcentro.jpg 443w\" sizes=\"auto, (max-width: 300px) 100vw, 300px\" \/><\/a>Un grupo de cuatro ladrones que iban a bordo de un Ford Mondeo robado, chocaron contra otro veh\u00edculo y un colectivo de la l\u00ednea 50 y el primer rodado culmin\u00f3 en la vidriera de un comercio ubicado en Corrientes y Maip\u00fa. Los hampones fueron detenidos y dos personas resultaron heridas.<\/em><\/p>\n<\/div>\n<div id=\"texto\" style=\"text-align: justify;\">\n<p>Dos personas resultaron heridas en horas de la ma\u00f1ana en un choque m\u00faltiple que involucr\u00f3 a dos autom\u00f3viles y un colectivo en el microcentro porte\u00f1o, ocurrido cuando dos delincuentes que escapaban de la polic\u00eda terminaron incrustando su veh\u00edculo en un comercio gastron\u00f3mico.<\/p>\n<p>Seg\u00fan informaron testigos y fuentes policiales la acci\u00f3n de los delincuentes se inici\u00f3 alrededor de las 05:00 cuando robaron un maxiquiosco en la calle Maip\u00fa 580.<\/p>\n<p>Tras una persecuci\u00f3n policial, los delincuentes, que se desplazaban en un Ford Mondeo, chocaron poco antes de 05:30 a un colectivo de la l\u00ednea 50 y a un Chevrolet Corsa en la avenida Corrientes y terminaron incrustando su veh\u00edculo en una pizzer\u00eda de Corrientes y Esmeralda. Desde entonces, esa \u00faltima intersecci\u00f3n se encuentra cortada al tr\u00e1nsito.<\/p>\n<\/div>\n","protected":false},"excerpt":{"rendered":"<p>Un grupo de cuatro ladrones que iban a bordo de un Ford Mondeo robado, chocaron contra otro veh\u00edculo y un colectivo de la l\u00ednea 50 y el primer rodado culmin\u00f3 en la vidriera de un comercio ubicado en Corrientes y Maip\u00fa. Los hampones fueron detenidos y dos personas resultaron heridas. Dos personas resultaron heridas en&hellip;<\/p>\n","protected":false},"author":1,"featured_media":0,"comment_status":"open","ping_status":"open","sticky":false,"template":"","format":"standard","meta":{"footnotes":""},"categories":[22],"tags":[652,581,742,12778,30],"class_list":["post-27468","post","type-post","status-publish","format-standard","hentry","category-policiales","tag-colectivo","tag-delincuentes","tag-detenidos","tag-ford-mondeo","tag-policia"],"_links":{"self":[{"href":"https:\/\/www.elsindical.com.ar\/notas\/wp-json\/wp\/v2\/posts\/27468","targetHints":{"allow":["GET"]}}],"collection":[{"href":"https:\/\/www.elsindical.com.ar\/notas\/wp-json\/wp\/v2\/posts"}],"about":[{"href":"https:\/\/www.elsindical.com.ar\/notas\/wp-json\/wp\/v2\/types\/post"}],"author":[{"embeddable":true,"href":"https:\/\/www.elsindical.com.ar\/notas\/wp-json\/wp\/v2\/users\/1"}],"replies":[{"embeddable":true,"href":"https:\/\/www.elsindical.com.ar\/notas\/wp-json\/wp\/v2\/comments?post=27468"}],"version-history":[{"count":2,"href":"https:\/\/www.elsindical.com.ar\/notas\/wp-json\/wp\/v2\/posts\/27468\/revisions"}],"predecessor-version":[{"id":27471,"href":"https:\/\/www.elsindical.com.ar\/notas\/wp-json\/wp\/v2\/posts\/27468\/revisions\/27471"}],"wp:attachment":[{"href":"https:\/\/www.elsindical.com.ar\/notas\/wp-json\/wp\/v2\/media?parent=27468"}],"wp:term":[{"taxonomy":"category","embeddable":true,"href":"https:\/\/www.elsindical.com.ar\/notas\/wp-json\/wp\/v2\/categories?post=27468"},{"taxonomy":"post_tag","embeddable":true,"href":"https:\/\/www.elsindical.com.ar\/notas\/wp-json\/wp\/v2\/tags?post=27468"}],"curies":[{"name":"wp","href":"https:\/\/api.w.org\/{rel}","templated":true}]}}