{"id":274,"date":"2009-09-13T00:15:59","date_gmt":"2009-09-13T03:15:59","guid":{"rendered":"http:\/\/www.elsindical.com.ar\/notas\/?p=274"},"modified":"2009-09-13T00:15:59","modified_gmt":"2009-09-13T03:15:59","slug":"efemerides-del-13-de-septiembre","status":"publish","type":"post","link":"https:\/\/www.elsindical.com.ar\/notas\/efemerides-del-13-de-septiembre\/","title":{"rendered":"EFEM\u00c9RIDES: DEL 13 DE SEPTIEMBRE"},"content":{"rendered":"<p style=\"text-align: justify;\">En otro 13 de septiembre pero de 2007, tras dos d\u00e9cadas de negociaciones, la ONU aprueba la Declaraci\u00f3n de Derechos de los Pueblos Ind\u00edgenas.<\/p>\n<p style=\"text-align: justify;\">Otras efem\u00e9rides: 1594- Terminan las obras del monasterio de El Escorial.<\/p>\n<p style=\"text-align: justify;\">1598- Muere Felipe II, rey de Espa\u00f1a.<\/p>\n<p style=\"text-align: justify;\">1791- Luis XVI sanciona la primera Constituci\u00f3n francesa.<\/p>\n<p style=\"text-align: justify;\">1813- Celebraci\u00f3n del Congreso de Chilpancingo, por iniciativa del cura Morelos, el primero que reuni\u00f3 a los dirigentes de los patriotas mexicanos.<\/p>\n<p style=\"text-align: justify;\">1816- Jura en Buenos Aires de la independencia argentina, declarada el 9 de julio de este a\u00f1o por el Congreso de Tucum\u00e1n.<\/p>\n<p style=\"text-align: justify;\">1847- Tropas estadounidenses ocupan la capital de M\u00e9xico tras vencer la resistencia del castillo de Chapultepec.<\/p>\n<p style=\"text-align: justify;\">1912- Muere Justo Sierra, poeta y pol\u00edtico mexicano.<\/p>\n<p style=\"text-align: justify;\">1941 &#8211; Nace Oscar Arias, ex presidente de Costa Rica, Premio Nobel de la Paz 1987.<\/p>\n<p style=\"text-align: justify;\">1944- Segunda Guerra Mundial: Unidades militares sovi\u00e9ticas llegan a la frontera de Checoslovaquia.<\/p>\n<p style=\"text-align: justify;\">1949- La ONU acuerda poner bajo su control la ciudad de Jerusal\u00e9n.<\/p>\n<p style=\"text-align: justify;\">1955- El canciller de la RFA, Konrad Adenauer, acuerda con los sovi\u00e9ticos en Mosc\u00fa el establecimiento de relaciones diplom\u00e1ticas y la repatriaci\u00f3n de 9.626 prisioneros de guerra alemanes.<\/p>\n<p style=\"text-align: justify;\">1970- Se clausura la Exposici\u00f3n Universal de Osaka (Jap\u00f3n), que fue visitada por casi 65 millones de personas.<\/p>\n<p style=\"text-align: justify;\">1971- Nace Stella McCartney, modista brit\u00e1nica.<\/p>\n<p style=\"text-align: justify;\">1974- Atentado en la madrile\u00f1a calle Correo: once muertos al explotar una bomba en una cafeter\u00eda cercana a la Direcci\u00f3n General de Seguridad y frecuentada por polic\u00edas.<\/p>\n<p style=\"text-align: justify;\">1975- El cuadro de Rembrandt \u00abLa ronda de noche\u00bb, expuesto en el Rijksmuseum de Amsterdam, es acuchillado por un desequilibrado mental.<\/p>\n<p style=\"text-align: justify;\">1979- El presidente del Gobierno espa\u00f1ol, Adolfo Su\u00e1rez, recibe en Madrid al l\u00edder de la OLP, Yaser Arafat.<\/p>\n<p style=\"text-align: justify;\">1987- La milicia chi\u00ed Amal y los guerrilleros palestinos ponen fin a la guerra de los campos libaneses, que caus\u00f3 3.500 muertos durante tres a\u00f1os.<\/p>\n<p style=\"text-align: justify;\">1993- Firma en Washington de la Declaraci\u00f3n de Principios para la autonom\u00eda de Gaza y Jeric\u00f3. Isaac Rabin y Yaser Arafat se dan la mano en un gesto propiciado por Bill Clinton.<\/p>\n<p style=\"text-align: justify;\">1994- La Conferencia sobre Poblaci\u00f3n celebrada en El Cairo aprueba el programa demogr\u00e1fico de la ONU para veinte a\u00f1os, con reservas del Islam y El Vaticano.<\/p>\n<p style=\"text-align: justify;\">1995- Las fuerzas croatobosnias toman 1.500 kil\u00f3metros cuadrados de Bosnia central y controlan el baluarte serbio de Jajce.<\/p>\n<p style=\"text-align: justify;\">1996- El ex presidente Adolfo Su\u00e1rez es galardonado en Oviedo con el Premio Pr\u00edncipe de Asturias de la Concordia por su \u00abtrascendente aportaci\u00f3n a la convivencia democr\u00e1tica entre los espa\u00f1oles\u00bb.<\/p>\n<p style=\"text-align: justify;\">1999- Una bomba estalla en un edificio en Mosc\u00fa y causa 118 muertos.<\/p>\n<p style=\"text-align: justify;\">2001- La Corte Suprema de Justicia de Per\u00fa dicta una orden de captura nacional e internacional contra Alberto Fujimori y ordena el embargo de sus bienes.<\/p>\n<p style=\"text-align: justify;\">2005- Muere Julio C\u00e9sar Turbay Ayala, ex presidente de Colombia.<\/p>\n<p style=\"text-align: justify;\">2006- Unicef obtiene el Premio Pr\u00edncipe de Asturias de la Concordia.<\/p>\n","protected":false},"excerpt":{"rendered":"<p>En otro 13 de septiembre pero de 2007, tras dos d\u00e9cadas de negociaciones, la ONU aprueba la Declaraci\u00f3n de Derechos de los Pueblos Ind\u00edgenas. Otras efem\u00e9rides: 1594- Terminan las obras del monasterio de El Escorial. 1598- Muere Felipe II, rey de Espa\u00f1a. 1791- Luis XVI sanciona la primera Constituci\u00f3n francesa. 1813- Celebraci\u00f3n del Congreso de&hellip;<\/p>\n","protected":false},"author":1,"featured_media":0,"comment_status":"open","ping_status":"open","sticky":false,"template":"","format":"standard","meta":{"footnotes":""},"categories":[14],"tags":[],"class_list":["post-274","post","type-post","status-publish","format-standard","hentry","category-efemerides"],"_links":{"self":[{"href":"https:\/\/www.elsindical.com.ar\/notas\/wp-json\/wp\/v2\/posts\/274","targetHints":{"allow":["GET"]}}],"collection":[{"href":"https:\/\/www.elsindical.com.ar\/notas\/wp-json\/wp\/v2\/posts"}],"about":[{"href":"https:\/\/www.elsindical.com.ar\/notas\/wp-json\/wp\/v2\/types\/post"}],"author":[{"embeddable":true,"href":"https:\/\/www.elsindical.com.ar\/notas\/wp-json\/wp\/v2\/users\/1"}],"replies":[{"embeddable":true,"href":"https:\/\/www.elsindical.com.ar\/notas\/wp-json\/wp\/v2\/comments?post=274"}],"version-history":[{"count":2,"href":"https:\/\/www.elsindical.com.ar\/notas\/wp-json\/wp\/v2\/posts\/274\/revisions"}],"predecessor-version":[{"id":276,"href":"https:\/\/www.elsindical.com.ar\/notas\/wp-json\/wp\/v2\/posts\/274\/revisions\/276"}],"wp:attachment":[{"href":"https:\/\/www.elsindical.com.ar\/notas\/wp-json\/wp\/v2\/media?parent=274"}],"wp:term":[{"taxonomy":"category","embeddable":true,"href":"https:\/\/www.elsindical.com.ar\/notas\/wp-json\/wp\/v2\/categories?post=274"},{"taxonomy":"post_tag","embeddable":true,"href":"https:\/\/www.elsindical.com.ar\/notas\/wp-json\/wp\/v2\/tags?post=274"}],"curies":[{"name":"wp","href":"https:\/\/api.w.org\/{rel}","templated":true}]}}