{"id":27375,"date":"2012-09-14T14:34:07","date_gmt":"2012-09-14T17:34:07","guid":{"rendered":"http:\/\/www.elsindical.com.ar\/notas\/?p=27375"},"modified":"2012-09-14T14:34:07","modified_gmt":"2012-09-14T17:34:07","slug":"colegialesladrones-hacen-boquete-y-vacian-oficinas","status":"publish","type":"post","link":"https:\/\/www.elsindical.com.ar\/notas\/colegialesladrones-hacen-boquete-y-vacian-oficinas\/","title":{"rendered":"Colegiales:Ladrones hacen boquete y vac\u00edan oficinas"},"content":{"rendered":"<div id=\"bajada\" style=\"text-align: justify;\">\n<p><em><a href=\"http:\/\/www.elsindical.com.ar\/notas\/var\/www\/html\/notas\/wp-content\/uploads\/2012\/09\/oficinas-asaltadas-Colegiales.jpg\"><img loading=\"lazy\" decoding=\"async\" class=\"alignleft size-medium wp-image-27376\" title=\"oficinas-asaltadas-Colegiales\" src=\"http:\/\/www.elsindical.com.ar\/notas\/var\/www\/html\/notas\/wp-content\/uploads\/2012\/09\/oficinas-asaltadas-Colegiales-300x193.jpg\" alt=\"\" width=\"300\" height=\"193\" srcset=\"https:\/\/www.elsindical.com.ar\/notas\/var\/www\/html\/notas\/wp-content\/uploads\/2012\/09\/oficinas-asaltadas-Colegiales-300x193.jpg 300w, https:\/\/www.elsindical.com.ar\/notas\/var\/www\/html\/notas\/wp-content\/uploads\/2012\/09\/oficinas-asaltadas-Colegiales.jpg 443w\" sizes=\"auto, (max-width: 300px) 100vw, 300px\" \/><\/a>En el barrio porte\u00f1o de Colegiales, un grupo de delincuentes rob\u00f3 la sede central de un importante centro m\u00e9dico. Los empleados del lugar se dieron cuenta del atraco, ya que encontraron un gran desorden en el lugar, faltantes de dinero y objetos de valor.<\/em><\/p>\n<\/div>\n<div id=\"texto\" style=\"text-align: justify;\">\n<p>Un grupo de delincuentes rob\u00f3 en la madrugada del viernes la sede central de un centro m\u00e9dico privado del barrio porte\u00f1o de Colegiales, a la que logr\u00f3 ingresar luego de realizar un boquete, informaron fuentes policiales.<\/p>\n<p>El hecho ocurri\u00f3 en las oficinas que la empresa de medicina prepaga Bristol Medicine tiene en Amen\u00e1bar 1047.<\/p>\n<p>Seg\u00fan las fuentes, los primeros en detectar el robo fueron los empleados que llegaron a su lugar de trabajo.<\/p>\n<p>Seg\u00fan la denuncia que radicaron en la comisar\u00eda 33\u00ba, los trabajadores se encontraron con varias oficinas desordenadas y advirtieron faltantes de dinero y otros objetos de valor.<\/p>\n<p>La polic\u00eda trabaja en el lugar para intentar dar con pistas que ayuden a dar con los ladrones.<\/p>\n<\/div>\n","protected":false},"excerpt":{"rendered":"<p>En el barrio porte\u00f1o de Colegiales, un grupo de delincuentes rob\u00f3 la sede central de un importante centro m\u00e9dico. Los empleados del lugar se dieron cuenta del atraco, ya que encontraron un gran desorden en el lugar, faltantes de dinero y objetos de valor. Un grupo de delincuentes rob\u00f3 en la madrugada del viernes la&hellip;<\/p>\n","protected":false},"author":1,"featured_media":0,"comment_status":"open","ping_status":"open","sticky":false,"template":"","format":"standard","meta":{"footnotes":""},"categories":[22],"tags":[6313,581,123,22030],"class_list":["post-27375","post","type-post","status-publish","format-standard","hentry","category-policiales","tag-colegiales","tag-delincuentes","tag-dinero","tag-policiales"],"_links":{"self":[{"href":"https:\/\/www.elsindical.com.ar\/notas\/wp-json\/wp\/v2\/posts\/27375","targetHints":{"allow":["GET"]}}],"collection":[{"href":"https:\/\/www.elsindical.com.ar\/notas\/wp-json\/wp\/v2\/posts"}],"about":[{"href":"https:\/\/www.elsindical.com.ar\/notas\/wp-json\/wp\/v2\/types\/post"}],"author":[{"embeddable":true,"href":"https:\/\/www.elsindical.com.ar\/notas\/wp-json\/wp\/v2\/users\/1"}],"replies":[{"embeddable":true,"href":"https:\/\/www.elsindical.com.ar\/notas\/wp-json\/wp\/v2\/comments?post=27375"}],"version-history":[{"count":2,"href":"https:\/\/www.elsindical.com.ar\/notas\/wp-json\/wp\/v2\/posts\/27375\/revisions"}],"predecessor-version":[{"id":27378,"href":"https:\/\/www.elsindical.com.ar\/notas\/wp-json\/wp\/v2\/posts\/27375\/revisions\/27378"}],"wp:attachment":[{"href":"https:\/\/www.elsindical.com.ar\/notas\/wp-json\/wp\/v2\/media?parent=27375"}],"wp:term":[{"taxonomy":"category","embeddable":true,"href":"https:\/\/www.elsindical.com.ar\/notas\/wp-json\/wp\/v2\/categories?post=27375"},{"taxonomy":"post_tag","embeddable":true,"href":"https:\/\/www.elsindical.com.ar\/notas\/wp-json\/wp\/v2\/tags?post=27375"}],"curies":[{"name":"wp","href":"https:\/\/api.w.org\/{rel}","templated":true}]}}