{"id":27349,"date":"2012-09-13T22:30:43","date_gmt":"2012-09-14T01:30:43","guid":{"rendered":"http:\/\/www.elsindical.com.ar\/notas\/?p=27349"},"modified":"2012-09-13T22:30:43","modified_gmt":"2012-09-14T01:30:43","slug":"capacitan-a-un-millon-y-medio-camioneros-para-prevenir-la-trata","status":"publish","type":"post","link":"https:\/\/www.elsindical.com.ar\/notas\/capacitan-a-un-millon-y-medio-camioneros-para-prevenir-la-trata\/","title":{"rendered":"Capacitan a un mill\u00f3n y medio camioneros para prevenir la trata"},"content":{"rendered":"<p style=\"text-align: justify;\"><em><a href=\"http:\/\/www.elsindical.com.ar\/notas\/var\/www\/html\/notas\/wp-content\/uploads\/2011\/09\/mujeres-prost\u00edbulo-rescatad.jpg\"><img loading=\"lazy\" decoding=\"async\" class=\"alignleft size-medium wp-image-17013\" title=\"mujeres-prost\u00edbulo-rescatad\" src=\"http:\/\/www.elsindical.com.ar\/notas\/var\/www\/html\/notas\/wp-content\/uploads\/2011\/09\/mujeres-prost\u00edbulo-rescatad-300x199.jpg\" alt=\"\" width=\"300\" height=\"199\" srcset=\"https:\/\/www.elsindical.com.ar\/notas\/var\/www\/html\/notas\/wp-content\/uploads\/2011\/09\/mujeres-prost\u00edbulo-rescatad-300x199.jpg 300w, https:\/\/www.elsindical.com.ar\/notas\/var\/www\/html\/notas\/wp-content\/uploads\/2011\/09\/mujeres-prost\u00edbulo-rescatad.jpg 325w\" sizes=\"auto, (max-width: 300px) 100vw, 300px\" \/><\/a>Esta iniciativa se logr\u00f3 a trav\u00e9s de un convenio entre organizaciones sociales y<strong> <\/strong>la Federaci\u00f3n Argentina de Entidades Empresarias del Autotransporte de Cargas.<\/em><\/p>\n<p style=\"text-align: justify;\"><strong>M\u00e1s de medio mill\u00f3n de choferes de camiones ser\u00e1n capacitados en la prevenci\u00f3n y detecci\u00f3n de la trata de mujeres gracias a un convenio entre organizaciones sociales<\/strong> y empresarios del autotransporte de cargas.<\/p>\n<p style=\"text-align: justify;\">L<strong>a iniciativa re\u00fane a la Fundaci\u00f3n Mar\u00eda de los Angeles, la Casa del Encuentro y la Federaci\u00f3n Argentina de Entidades Empresarias del Autotransporte de Carga<\/strong>s (FADEEAC), entidades que consideraron que \u201clas rutas son un lugar de tr\u00e1nsito ineludible para el traslado de las v\u00edctimas de la trata de personas\u201d.<\/p>\n<p style=\"text-align: justify;\">\u2018Dise\u00f1amos un modelo de concientizaci\u00f3n, a trav\u00e9s de un audiovisual, que ser\u00e1 dictado en el m\u00f3dulo obligatorio de capacitaci\u00f3n brindado por FADEEAC, cuyo objetivo es ayudar a los camioneros a identificar el delito y alentar as\u00ed las denuncias\u201d, explic\u00f3 a T\u00e9lam, Fabiana Tu\u00f1ez, directora de la Casa del Encuentro.<\/p>\n<p style=\"text-align: justify;\">\u201cEllos tratan, nosotros podemos\u201d, es e<strong>l lema del video \u201cLas rutas de la trata\u201d, q<\/strong>ue cuenta tres historias reales de mujeres en situaci\u00f3n de trata, brinda pauta y derriba mitos alrededor de este delito.<\/p>\n<p style=\"text-align: justify;\">Tu\u00f1ez anticip\u00f3 que adem\u00e1s \u201cse entregar\u00e1 a los choferes una tarjeta con indicadores de trata e informaci\u00f3n \u00fatil para que sepan adonde dirigirse para denunciar\u201d.<\/p>\n<p style=\"text-align: justify;\">La producci\u00f3n del material audiovisual estuvo a cargo de la Fundaci\u00f3n que preside Susana Trimarco, madre de Marita Ver\u00f3n, cuya desaparici\u00f3n, ocurrida el 3 de abril de 2002, est\u00e1 en etapa de juicio oral en Tucum\u00e1n.<\/p>\n<p style=\"text-align: justify;\">La dirigente de La Casa destac\u00f3 \u201c<strong>la sumatoria de voluntades y de trabajo ad-honorem que posibilitaron concretar este proyecto, <\/strong>sumado al placer de trabajar con la fundaci\u00f3n Mar\u00eda de los \u00c1ngeles\u201d.<\/p>\n<p style=\"text-align: justify;\">\u2018Cuando hay decisi\u00f3n, cada cual pone lo suyo y se logran estos proyectos\u201d, se\u00f1al\u00f3 la dirigente, que cont\u00f3 que el acercamiento entre las tres entidades fue gracias a la embajada de Estados Unidos.<\/p>\n<p style=\"text-align: justify;\"><strong>La imagen de Mar\u00eda Cash, desaparecida desde el 8 de julio de 2011, caminando por una ruta de Salta, \u201ces la prueba m\u00e1s fuerte del rol que pueden cumplir los camioneros\u201d<\/strong>, dijo Tu\u00f1ez.<\/p>\n<p style=\"text-align: justify;\">Tambi\u00e9n consider\u00f3 \u201cimportante que tengan presente los prost\u00edbulos que hay sobre las rutas, y que tomen conciencia que las chicas que est\u00e1n ah\u00ed, podr\u00edan ser sus hijas\u201d.<\/p>\n<p style=\"text-align: justify;\">El convenio permitir\u00e1 que la Fundaci\u00f3n Profesional para el Transporte (FPT), brazo acad\u00e9mico de la FADEEAC -que se dedica a la formaci\u00f3n continua e integral de los recursos humanos- difunda el audiovisual \u201cen m\u00e1s de 200 aulas, ligadas a las 45 c\u00e1maras de base distribuidas en todo el territorio nacional\u201d, inform\u00f3 la entidad empresaria.<\/p>\n<p style=\"text-align: justify;\">\u2018FADEEAC se sum\u00f3 a este proyecto porque entendemos que poner a disposici\u00f3n la estructura que la Federaci\u00f3n tiene desarrollada en todo el pa\u00eds es un gran aporte para llegar de forma directa e instruir en esta problem\u00e1tica social a los conductores de cami\u00f3n que se capacitan en nuestras aulas\u201d, sostuvo Luis Morales, titular del ente.<\/p>\n<p style=\"text-align: justify;\">Tu\u00f1ez adelant\u00f3 que la idea \u201ces replicar esta experiencia en todos los sindicatos que quieran comprometerse contra la trata de mujeres con fines de explotaci\u00f3n sexual\u201d.<\/p>\n<p style=\"text-align: justify;\">El pr\u00f3ximo mi\u00e9rcoles 26 de septiembre a las 11 se presentar\u00e1 el video y se firmar\u00e1 el convenio en la sede de la Federaci\u00f3n ubicada en S\u00e1nchez de Bustamante 54 de Ciudad de Buenos Aires.<\/p>\n","protected":false},"excerpt":{"rendered":"<p>Esta iniciativa se logr\u00f3 a trav\u00e9s de un convenio entre organizaciones sociales y la Federaci\u00f3n Argentina de Entidades Empresarias del Autotransporte de Cargas. M\u00e1s de medio mill\u00f3n de choferes de camiones ser\u00e1n capacitados en la prevenci\u00f3n y detecci\u00f3n de la trata de mujeres gracias a un convenio entre organizaciones sociales y empresarios del autotransporte de&hellip;<\/p>\n","protected":false},"author":1,"featured_media":0,"comment_status":"open","ping_status":"open","sticky":false,"template":"","format":"standard","meta":{"footnotes":""},"categories":[3],"tags":[12732,4318,1435,12733,12734],"class_list":["post-27349","post","type-post","status-publish","format-standard","hentry","category-capacitacion","tag-autotransporte-de-cargas","tag-convenio","tag-empresarios","tag-organizaciones-sociales","tag-trata-de-mujeres"],"_links":{"self":[{"href":"https:\/\/www.elsindical.com.ar\/notas\/wp-json\/wp\/v2\/posts\/27349","targetHints":{"allow":["GET"]}}],"collection":[{"href":"https:\/\/www.elsindical.com.ar\/notas\/wp-json\/wp\/v2\/posts"}],"about":[{"href":"https:\/\/www.elsindical.com.ar\/notas\/wp-json\/wp\/v2\/types\/post"}],"author":[{"embeddable":true,"href":"https:\/\/www.elsindical.com.ar\/notas\/wp-json\/wp\/v2\/users\/1"}],"replies":[{"embeddable":true,"href":"https:\/\/www.elsindical.com.ar\/notas\/wp-json\/wp\/v2\/comments?post=27349"}],"version-history":[{"count":1,"href":"https:\/\/www.elsindical.com.ar\/notas\/wp-json\/wp\/v2\/posts\/27349\/revisions"}],"predecessor-version":[{"id":27350,"href":"https:\/\/www.elsindical.com.ar\/notas\/wp-json\/wp\/v2\/posts\/27349\/revisions\/27350"}],"wp:attachment":[{"href":"https:\/\/www.elsindical.com.ar\/notas\/wp-json\/wp\/v2\/media?parent=27349"}],"wp:term":[{"taxonomy":"category","embeddable":true,"href":"https:\/\/www.elsindical.com.ar\/notas\/wp-json\/wp\/v2\/categories?post=27349"},{"taxonomy":"post_tag","embeddable":true,"href":"https:\/\/www.elsindical.com.ar\/notas\/wp-json\/wp\/v2\/tags?post=27349"}],"curies":[{"name":"wp","href":"https:\/\/api.w.org\/{rel}","templated":true}]}}