{"id":2733,"date":"2010-01-04T15:46:21","date_gmt":"2010-01-04T18:46:21","guid":{"rendered":"http:\/\/www.elsindical.com.ar\/notas\/?p=2733"},"modified":"2010-01-04T15:46:21","modified_gmt":"2010-01-04T18:46:21","slug":"pino-solanas-afirmo-que-es-%e2%80%9cposible%e2%80%9d-una-formula-con-hermes-binner","status":"publish","type":"post","link":"https:\/\/www.elsindical.com.ar\/notas\/pino-solanas-afirmo-que-es-%e2%80%9cposible%e2%80%9d-una-formula-con-hermes-binner\/","title":{"rendered":"Pino Solanas afirm\u00f3 que es \u201cposible\u201d una f\u00f3rmula con Hermes Binner"},"content":{"rendered":"<p style=\"text-align: justify;\"><a href=\"http:\/\/www.elsindical.com.ar\/notas\/var\/www\/html\/notas\/wp-content\/uploads\/2010\/01\/conferencia-Pino-Solanas-2.jpg\"><img loading=\"lazy\" decoding=\"async\" class=\"alignleft size-full wp-image-2734\" title=\"conferencia-Pino-Solanas-2\" src=\"http:\/\/www.elsindical.com.ar\/notas\/var\/www\/html\/notas\/wp-content\/uploads\/2010\/01\/conferencia-Pino-Solanas-2.jpg\" alt=\"\" width=\"283\" height=\"170\" \/><\/a>El diputado nacional de Proyecto Sur se refiri\u00f3 a las elecciones de 2011 y afirm\u00f3 que de cara a esa instancia es posible una uni\u00f3n con el gobernador santafesino. \u00abEs imprescindible de una tercera opci\u00f3n y la tienen que dar los partidos que no tenemos diferencias de fondo\u00bb, manifest\u00f3 y agreg\u00f3: \u00abSi eso se logra daremos una gran sorpresa\u201d.<\/p>\n<p style=\"text-align: justify;\">El diputado nacional de Proyecto Sur Fernando \u201cPino\u201d Solanas se acerc\u00f3 al gobernador santafesino Hermes Binner y advirti\u00f3 que puede \u201cser posible\u201d alianza de cara al 2011.<\/p>\n<p>\u00abEs imprescindible de una tercera opci\u00f3n y la tienen que dar los partidos que no tenemos diferencias de fondo\u00bb, manifest\u00f3 Solanas &#8211; al ser consultado sobre un posible frente junto al socialismo y el juecismo.<\/p>\n<p>\u00abSi eso se logra daremos una gran sorpresa\u00bb, asegur\u00f3 y expuso que se est\u00e1 trabajando en la conformaci\u00f3n de un espacio de centro izquierda que sea una alternativa en las elecciones presidenciales de 2011.<\/p>\n","protected":false},"excerpt":{"rendered":"<p>El diputado nacional de Proyecto Sur se refiri\u00f3 a las elecciones de 2011 y afirm\u00f3 que de cara a esa instancia es posible una uni\u00f3n con el gobernador santafesino. \u00abEs imprescindible de una tercera opci\u00f3n y la tienen que dar los partidos que no tenemos diferencias de fondo\u00bb, manifest\u00f3 y agreg\u00f3: \u00abSi eso se logra&hellip;<\/p>\n","protected":false},"author":1,"featured_media":0,"comment_status":"open","ping_status":"open","sticky":false,"template":"","format":"standard","meta":{"footnotes":""},"categories":[13],"tags":[1472,327,22025,1378],"class_list":["post-2733","post","type-post","status-publish","format-standard","hentry","category-politica","tag-hermes-binner","tag-pino-solanas","tag-politica","tag-proyecto-sur"],"_links":{"self":[{"href":"https:\/\/www.elsindical.com.ar\/notas\/wp-json\/wp\/v2\/posts\/2733","targetHints":{"allow":["GET"]}}],"collection":[{"href":"https:\/\/www.elsindical.com.ar\/notas\/wp-json\/wp\/v2\/posts"}],"about":[{"href":"https:\/\/www.elsindical.com.ar\/notas\/wp-json\/wp\/v2\/types\/post"}],"author":[{"embeddable":true,"href":"https:\/\/www.elsindical.com.ar\/notas\/wp-json\/wp\/v2\/users\/1"}],"replies":[{"embeddable":true,"href":"https:\/\/www.elsindical.com.ar\/notas\/wp-json\/wp\/v2\/comments?post=2733"}],"version-history":[{"count":2,"href":"https:\/\/www.elsindical.com.ar\/notas\/wp-json\/wp\/v2\/posts\/2733\/revisions"}],"predecessor-version":[{"id":2736,"href":"https:\/\/www.elsindical.com.ar\/notas\/wp-json\/wp\/v2\/posts\/2733\/revisions\/2736"}],"wp:attachment":[{"href":"https:\/\/www.elsindical.com.ar\/notas\/wp-json\/wp\/v2\/media?parent=2733"}],"wp:term":[{"taxonomy":"category","embeddable":true,"href":"https:\/\/www.elsindical.com.ar\/notas\/wp-json\/wp\/v2\/categories?post=2733"},{"taxonomy":"post_tag","embeddable":true,"href":"https:\/\/www.elsindical.com.ar\/notas\/wp-json\/wp\/v2\/tags?post=2733"}],"curies":[{"name":"wp","href":"https:\/\/api.w.org\/{rel}","templated":true}]}}