{"id":27194,"date":"2012-09-09T23:13:53","date_gmt":"2012-09-10T02:13:53","guid":{"rendered":"http:\/\/www.elsindical.com.ar\/notas\/?p=27194"},"modified":"2012-09-09T23:14:31","modified_gmt":"2012-09-10T02:14:31","slug":"un-acuerdo-solo-es-posible-si-la-ucr-adhiere-al-plan-del-fap","status":"publish","type":"post","link":"https:\/\/www.elsindical.com.ar\/notas\/un-acuerdo-solo-es-posible-si-la-ucr-adhiere-al-plan-del-fap\/","title":{"rendered":"\u201cUn acuerdo s\u00f3lo es posible si la UCR adhiere al plan del FAP\u201d, Victoria Donda"},"content":{"rendered":"<p style=\"text-align: justify;\"><em><a href=\"http:\/\/www.elsindical.com.ar\/notas\/var\/www\/html\/notas\/wp-content\/uploads\/2012\/09\/Victoria-Donda-cara.jpg\"><img loading=\"lazy\" decoding=\"async\" class=\"alignleft size-medium wp-image-27195\" title=\"Victoria-Donda-cara\" src=\"http:\/\/www.elsindical.com.ar\/notas\/var\/www\/html\/notas\/wp-content\/uploads\/2012\/09\/Victoria-Donda-cara-300x300.jpg\" alt=\"\" width=\"300\" height=\"300\" srcset=\"https:\/\/www.elsindical.com.ar\/notas\/var\/www\/html\/notas\/wp-content\/uploads\/2012\/09\/Victoria-Donda-cara-300x300.jpg 300w, https:\/\/www.elsindical.com.ar\/notas\/var\/www\/html\/notas\/wp-content\/uploads\/2012\/09\/Victoria-Donda-cara-150x150.jpg 150w, https:\/\/www.elsindical.com.ar\/notas\/var\/www\/html\/notas\/wp-content\/uploads\/2012\/09\/Victoria-Donda-cara.jpg 325w\" sizes=\"auto, (max-width: 300px) 100vw, 300px\" \/><\/a>La diputada nacional Victoria Donda manifest\u00f3 que una alianza con el radicalismo \u201csolo es posible si la UCR adhiere al plan del Frente Amplio Progresista\u201d. En este sentido, se\u00f1al\u00f3 que el referente y ex candidato presidencial de \u00e9sta \u00faltima fuerza, Hermes Binner, \u201ces el mejor candidato para las presidenciales del 2015\u201d. \u201cTiene temple y capacidad para gobernar\u00bb, remarc\u00f3.<\/em><\/p>\n<p style=\"text-align: justify;\">La diputada nacional Victoria Donda (Libres del Sur) reafirm\u00f3 su convicci\u00f3n de que Hermes Binner \u00abes el mejor candidato\u00bb para las presidenciales del 2015 y condicion\u00f3 un acuerdo con la UCR a que el radicalismo adhiera al programa del Frente Amplio Progresista (FAP). Asimismo, se mostr\u00f3 contraria a que el acuerdo sea \u201csolamente electoral\u201d.<\/p>\n<p style=\"text-align: justify;\">\u00abNo creo en los candidatos naturales, pero me parece que Binner es el mejor candidato porque re\u00fane cualidades y condiciones que la sociedad est\u00e1 esperando de un dirigente pol\u00edtico\u00bb, afirm\u00f3 Donda.<\/p>\n<p style=\"text-align: justify;\">La diputada afirm\u00f3 adem\u00e1s que \u00abla UCR tiene que estar dentro del FAP\u00bb, siempre que \u00abacuerde con el proyecto\u00bb de gobierno que el frente tiene previsto dar a conocer en noviembre pr\u00f3ximo en un acto en esta ciudad.<\/p>\n<p style=\"text-align: justify;\">No obstante, se mostr\u00f3 contrar\u00eda a una alianza \u201csolamente electoral\u201d. \u00abNo creemos en alianzas superestructurales o s\u00f3lo electorales; creemos en una construcci\u00f3n nueva y, para eso, necesariamente hay que sumar muchos hombres y mujeres que est\u00e1n en otros partidos\u00bb, declar\u00f3 Donda.<\/p>\n<p style=\"text-align: justify;\">El FAP, que se ubic\u00f3 segundo en las \u00faltimas elecciones nacionales con Binner a la cabeza y 3.500.000 votos, est\u00e1 integrado por el Partido Socialista, el GEN, el cordob\u00e9s Frente C\u00edvico, Unidad Popular y Libres del Sur, al que pertenece Donda.<\/p>\n<p style=\"text-align: justify;\">De su jefe pol\u00edtico, Binner, la diputada resalt\u00f3 su \u00abcapacidad para gobernar, su temple\u00bb y haber fijado un \u00abrumbo y gesti\u00f3n progresista, entendida como una forma de llevar progreso a toda la sociedad\u00bb.<\/p>\n","protected":false},"excerpt":{"rendered":"<p>La diputada nacional Victoria Donda manifest\u00f3 que una alianza con el radicalismo \u201csolo es posible si la UCR adhiere al plan del Frente Amplio Progresista\u201d. En este sentido, se\u00f1al\u00f3 que el referente y ex candidato presidencial de \u00e9sta \u00faltima fuerza, Hermes Binner, \u201ces el mejor candidato para las presidenciales del 2015\u201d. \u201cTiene temple y capacidad&hellip;<\/p>\n","protected":false},"author":1,"featured_media":0,"comment_status":"open","ping_status":"open","sticky":false,"template":"","format":"standard","meta":{"footnotes":""},"categories":[13],"tags":[12666,9436,1472,8689,1826,4654],"class_list":["post-27194","post","type-post","status-publish","format-standard","hentry","category-politica","tag-alianza","tag-fap","tag-hermes-binner","tag-libres-del-sur","tag-ucr","tag-victoria-donda"],"_links":{"self":[{"href":"https:\/\/www.elsindical.com.ar\/notas\/wp-json\/wp\/v2\/posts\/27194","targetHints":{"allow":["GET"]}}],"collection":[{"href":"https:\/\/www.elsindical.com.ar\/notas\/wp-json\/wp\/v2\/posts"}],"about":[{"href":"https:\/\/www.elsindical.com.ar\/notas\/wp-json\/wp\/v2\/types\/post"}],"author":[{"embeddable":true,"href":"https:\/\/www.elsindical.com.ar\/notas\/wp-json\/wp\/v2\/users\/1"}],"replies":[{"embeddable":true,"href":"https:\/\/www.elsindical.com.ar\/notas\/wp-json\/wp\/v2\/comments?post=27194"}],"version-history":[{"count":3,"href":"https:\/\/www.elsindical.com.ar\/notas\/wp-json\/wp\/v2\/posts\/27194\/revisions"}],"predecessor-version":[{"id":27198,"href":"https:\/\/www.elsindical.com.ar\/notas\/wp-json\/wp\/v2\/posts\/27194\/revisions\/27198"}],"wp:attachment":[{"href":"https:\/\/www.elsindical.com.ar\/notas\/wp-json\/wp\/v2\/media?parent=27194"}],"wp:term":[{"taxonomy":"category","embeddable":true,"href":"https:\/\/www.elsindical.com.ar\/notas\/wp-json\/wp\/v2\/categories?post=27194"},{"taxonomy":"post_tag","embeddable":true,"href":"https:\/\/www.elsindical.com.ar\/notas\/wp-json\/wp\/v2\/tags?post=27194"}],"curies":[{"name":"wp","href":"https:\/\/api.w.org\/{rel}","templated":true}]}}