{"id":27192,"date":"2012-09-09T23:01:03","date_gmt":"2012-09-10T02:01:03","guid":{"rendered":"http:\/\/www.elsindical.com.ar\/notas\/?p=27192"},"modified":"2012-09-09T23:01:03","modified_gmt":"2012-09-10T02:01:03","slug":"despidieron-a-mariana-nueva-denuncia-contra-canal-13-por-despidos-arbitrario-y-persecutorio","status":"publish","type":"post","link":"https:\/\/www.elsindical.com.ar\/notas\/despidieron-a-mariana-nueva-denuncia-contra-canal-13-por-despidos-arbitrario-y-persecutorio\/","title":{"rendered":"Despidieron a Mariana, nueva denuncia contra Canal 13 por despidos arbitrario y persecutorio"},"content":{"rendered":"<p style=\"text-align: justify;\"><strong><span style=\"text-decoration: underline;\"><a href=\"http:\/\/www.elsindical.com.ar\/notas\/var\/www\/html\/notas\/wp-content\/uploads\/2010\/09\/logo-canal-13.jpg\"><img loading=\"lazy\" decoding=\"async\" class=\"alignleft size-full wp-image-9557\" title=\"logo-canal-13\" src=\"http:\/\/www.elsindical.com.ar\/notas\/var\/www\/html\/notas\/wp-content\/uploads\/2010\/09\/logo-canal-13.jpg\" alt=\"\" width=\"227\" height=\"222\" \/><\/a>Otro despido injustificado que reafirma el clima persecutorio y antisindical en Canal 13 y TN.<\/span><\/strong><\/p>\n<p style=\"text-align: justify;\"><strong>Mariana Cuccarese<\/strong>, afiliada al la Uni\u00f3n de Trabajadores de Prensa de Buenos Aires (UTPBA) participaba activamente del esfuerzo organizativo de los trabajadores de prensa del Canal por superar las condiciones de precariedad laboral y profesional en que trabajamos.<\/p>\n<p style=\"text-align: justify;\"><strong>Mariana <\/strong>trabaja desde el 18\/04\/2007 en el sector de Sistemas que depende de Administraci\u00f3n y Finanzas.<\/p>\n<p style=\"text-align: justify;\">Los trabajadores de prensa de Canal 13 y TN venimos denunciando desde hace muchos a\u00f1os la falta de cumplimiento del Convenio Colectivo de Trabajo en todos sus aspectos, como por ejemplo, el NO reconocimiento del escalaf\u00f3n tanto period\u00edstico como administrativo. Denunciamos que el \u00e1rea administrativa es de hecho uno de los sectores m\u00e1s desprotegido y precarizados del Canal con un alt\u00edsimo porcentaje de compa\u00f1eros <strong>tercerizados y fuera de convenio<\/strong>.<\/p>\n<p style=\"text-align: justify;\">Llama poderosamente la atenci\u00f3n que despu\u00e9s del esfuerzo que los trabajadores de prensa venimos realizando en las paritarias del MINIISTERIO DE TRABAJO, con el fin de superar las arbitrariedades de parte de la empresa tanto en los aspectos que hacen al cumplimiento de Convenio Colectivo de Trabajo 124\/75, el Estatuto del Periodista Profesional y la superaci\u00f3n del clima de hostilidad gremial permanente en que ejercemos nuestros derechos constitucionales, <strong><span style=\"text-decoration: underline;\">Recursos Humanos de CANAL 13 Y TN responda con un nuevo despido manifiestamente injustificado. <\/span><\/strong><\/p>\n<p style=\"text-align: justify;\"><strong>Los trabajadores de prensa de Canal 13 y TN exigimos la inmediata reincorporaci\u00f3n de Mariana.<\/strong><\/p>\n<p style=\"text-align: justify;\"><strong>Basta de despidos injustificados y persecutorios.<\/strong><\/p>\n<p style=\"text-align: justify;\"><strong>Los trabajadores de prensa de Canal 13 y TN tenemos derecho a organizarnos y participar<\/strong><strong>.<\/strong><\/p>\n<p style=\"text-align: justify;\"><strong><span style=\"text-decoration: underline;\">TODOS A ACOMPA\u00d1AR A MARIANA EL LUNES A LAS 13,30 HS EN LA PUERTA DEL CANAL (LIMA 1261)<\/span><\/strong><\/p>\n","protected":false},"excerpt":{"rendered":"<p>Otro despido injustificado que reafirma el clima persecutorio y antisindical en Canal 13 y TN. Mariana Cuccarese, afiliada al la Uni\u00f3n de Trabajadores de Prensa de Buenos Aires (UTPBA) participaba activamente del esfuerzo organizativo de los trabajadores de prensa del Canal por superar las condiciones de precariedad laboral y profesional en que trabajamos. Mariana trabaja&hellip;<\/p>\n","protected":false},"author":1,"featured_media":0,"comment_status":"open","ping_status":"open","sticky":false,"template":"","format":"standard","meta":{"footnotes":""},"categories":[16],"tags":[53,12665,71,125,3508],"class_list":["post-27192","post","type-post","status-publish","format-standard","hentry","category-gremiales","tag-despidos","tag-mariana-cuccarese","tag-tn","tag-trabajadores","tag-utpba"],"_links":{"self":[{"href":"https:\/\/www.elsindical.com.ar\/notas\/wp-json\/wp\/v2\/posts\/27192","targetHints":{"allow":["GET"]}}],"collection":[{"href":"https:\/\/www.elsindical.com.ar\/notas\/wp-json\/wp\/v2\/posts"}],"about":[{"href":"https:\/\/www.elsindical.com.ar\/notas\/wp-json\/wp\/v2\/types\/post"}],"author":[{"embeddable":true,"href":"https:\/\/www.elsindical.com.ar\/notas\/wp-json\/wp\/v2\/users\/1"}],"replies":[{"embeddable":true,"href":"https:\/\/www.elsindical.com.ar\/notas\/wp-json\/wp\/v2\/comments?post=27192"}],"version-history":[{"count":1,"href":"https:\/\/www.elsindical.com.ar\/notas\/wp-json\/wp\/v2\/posts\/27192\/revisions"}],"predecessor-version":[{"id":27193,"href":"https:\/\/www.elsindical.com.ar\/notas\/wp-json\/wp\/v2\/posts\/27192\/revisions\/27193"}],"wp:attachment":[{"href":"https:\/\/www.elsindical.com.ar\/notas\/wp-json\/wp\/v2\/media?parent=27192"}],"wp:term":[{"taxonomy":"category","embeddable":true,"href":"https:\/\/www.elsindical.com.ar\/notas\/wp-json\/wp\/v2\/categories?post=27192"},{"taxonomy":"post_tag","embeddable":true,"href":"https:\/\/www.elsindical.com.ar\/notas\/wp-json\/wp\/v2\/tags?post=27192"}],"curies":[{"name":"wp","href":"https:\/\/api.w.org\/{rel}","templated":true}]}}