{"id":27189,"date":"2012-09-09T21:01:42","date_gmt":"2012-09-10T00:01:42","guid":{"rendered":"http:\/\/www.elsindical.com.ar\/notas\/?p=27189"},"modified":"2012-09-09T21:01:42","modified_gmt":"2012-09-10T00:01:42","slug":"rosariola-policia-investiga-una-guerra-por-el-control-de-la-droga-en-el-asesinato-del-conductor-de-auto-de-lujo","status":"publish","type":"post","link":"https:\/\/www.elsindical.com.ar\/notas\/rosariola-policia-investiga-una-guerra-por-el-control-de-la-droga-en-el-asesinato-del-conductor-de-auto-de-lujo\/","title":{"rendered":"Rosario:La polic\u00eda investiga una guerra por el control de la droga en el asesinato del conductor de auto de lujo"},"content":{"rendered":"<p style=\"text-align: justify;\"><em><a href=\"http:\/\/www.elsindical.com.ar\/notas\/var\/www\/html\/notas\/wp-content\/uploads\/2012\/09\/Mart\u00edn-Luis-Paz.jpg\"><img loading=\"lazy\" decoding=\"async\" class=\"alignleft size-medium wp-image-27190\" title=\"Mart\u00edn-Luis-Paz\" src=\"http:\/\/www.elsindical.com.ar\/notas\/var\/www\/html\/notas\/wp-content\/uploads\/2012\/09\/Mart\u00edn-Luis-Paz-300x218.jpg\" alt=\"\" width=\"300\" height=\"218\" srcset=\"https:\/\/www.elsindical.com.ar\/notas\/var\/www\/html\/notas\/wp-content\/uploads\/2012\/09\/Mart\u00edn-Luis-Paz-300x218.jpg 300w, https:\/\/www.elsindical.com.ar\/notas\/var\/www\/html\/notas\/wp-content\/uploads\/2012\/09\/Mart\u00edn-Luis-Paz.jpg 443w\" sizes=\"auto, (max-width: 300px) 100vw, 300px\" \/><\/a>En la intersecci\u00f3n de las calles 27 de Febrero y Entre R\u00edos, un sicario en moto ejecuto a balazos al conductor de un lujoso BMW blanco. La polic\u00eda inform\u00f3 que ser\u00eda un ajuste de cuentas o una guerra por el control de la droga ya que el asesinado\u00a0apodado el \u201cFantasma\u201d,\u00a0estaba vinculado \u00a0la denominada \u201cBanda los Monos\u201d. <\/em><\/p>\n<p style=\"text-align: justify;\"><em>Cerca de las 14:00 hs., Mart\u00edn Luis Paz, de 27 a\u00f1os y conocido como \u00abEl Fantasma\u00bb, manejaba un lujoso BMW Z4 junto a su pareja de 25 y su beba de cuatro meses cuando un motociclista se acomod\u00f3 del lado de la ventanilla del conductor y sin mediar palabra abri\u00f3 fuego. Al menos cinco plomos de grueso calibre impactaron contra su cuerpo aunque no le impidieron acelerar a fondo el veh\u00edculo y recorrer casi tres cuadras, hasta provocar el choque en cadena de tres autos estacionados en Corrientes al 2600, donde lo encontr\u00f3 la muerte. Las mujeres resultaron ilesas.<\/em><\/p>\n<p style=\"text-align: justify;\">Fuentes allegadas al caso no tardaron en mencionar el parentesco cercano entre la v\u00edctima y uno de los cabecillas de Los Monos, una banda sindicada como la m\u00e1s grande organizaci\u00f3n de narcotr\u00e1fico de la ciudad con asiento en los barrios Las Flores y La Granada.<\/p>\n<p style=\"text-align: justify;\">No obstante, ning\u00fan investigador quiso hacer vinculaciones directas, aunque descartaron que se haya tratado de un robo y se inclinaron por la hip\u00f3tesis de un asesinato premeditado.<\/p>\n<p style=\"text-align: justify;\">En ese sentido, una fuente del caso ironiz\u00f3 al decir que \u201cahora Rosario se va a poner linda\u201d, en clara alusi\u00f3n a que el crimen de ayer ser\u00e1 el inicio de una \u201cguerra entre bandas\u201d delictivas.<\/p>\n<p style=\"text-align: justify;\">Voceros policiales dijeron que cerca de las 14:00 hs.\u00a0de ayer, Mart\u00edn pas\u00f3 a buscar a su mujer Brenda V., de 25 a\u00f1os, y a su beba, de cuatro meses, a bordo del lujoso auto blanco, por su domicilio de Viamonte al 1300.<\/p>\n<p style=\"text-align: justify;\">De all\u00ed orient\u00f3 la marcha hacia la zona sur por calle Entre R\u00edos y se detuvo en el sem\u00e1foro de avenida 27 de Febrero. Los vidrios estallaron cuando un motociclista que circulaba en una moto \u201ctipo Cripton\u201d azul oscuro (otras versiones dicen una Yamaha YBR 250 negra)\u00a0se estacion\u00f3 a la par de la ventanilla y desenfund\u00f3 una pistola 9 mil\u00edmetros. Una lluvia de balas impact\u00f3 contra el cuerpo del conductor, que logr\u00f3 reaccionar y poner en movimiento el auto. Lleg\u00f3 hasta calle G\u00e1lvez, dobl\u00f3 en direcci\u00f3n a Corrientes y volvi\u00f3 a doblar hacia el norte, pero a mitad de cuadra colision\u00f3 con un veh\u00edculo estacionado \u2013que por el fuerte impacto se subi\u00f3 a la vereda\u2013 y luego choc\u00f3 con otro, un VW Suran al que arrastr\u00f3 unos 15 metros, donde se produjo el impacto con un tercer auto.<\/p>\n<p style=\"text-align: justify;\">Cuando los primeros polic\u00edas arribaron al lugar del homicidio trataron de contener a la mujer y la trasladaron a la comisar\u00eda 5\u00aa. En tanto, los forenses comprobaron que el cuerpo de Paz presentaba cinco orificios de bala calibre 9 mil\u00edmetros: en el abdomen, el pecho, la espalda y dos en los brazos. Otra bala se encontr\u00f3 en uno de los faros traseros del veh\u00edculo. En total, del lugar se rescataron seis vainas y dos ojivas. Pero cuando los pesquisas recorrieron los 100 metros que hizo el veh\u00edculo por calle Entre R\u00edos, detectaron que en otro auto estacionado tambi\u00e9n hab\u00eda un proyectil incrustado. A nadie le cupo duda entonces de que estaban ante un experto tirador, un verdadero sicario.<\/p>\n<div style=\"text-align: justify;\" align=\"justify\">Sin embargo, el asesino no vio esa escena. Hab\u00eda dejado su moto tirada en la esquina de 27 de Febrero y Entre R\u00edos cuando se par\u00f3 en medio de la calle y tir\u00f3 al auto mientras el matrimonio hu\u00eda. Tras ello volvi\u00f3 sobre sus pasos, guard\u00f3 la 9 entre su ropa, levant\u00f3 la moto y se fue por Entre R\u00edos hacia el sur. \u00abUn auto lo sigui\u00f3 unos metros. Dobl\u00f3 en contramano por 27 de Febrero, lleg\u00f3 a mitad de cuadra, se volvi\u00f3 y fue tranquilo detr\u00e1s de la moto. Para mi que estaban juntos\u00bb, cont\u00f3 un vecino que pidi\u00f3 no dar ni siquiera su nombre de pila.<\/div>\n<div style=\"text-align: justify;\" align=\"justify\"><\/div>\n<div style=\"text-align: justify;\" align=\"justify\">Mario, un vecino de la cuadra donde se desat\u00f3 el pandemonium, vio todo lo ocurrido y lo cont\u00f3. \u00abEra una tarde tranquila&#8230;.pero. La moto se le le puso al lado. El que manejaba esa moto era un tipo medio petiso, joven, sin gorrita, sin casco. Sac\u00f3 la pistola y le empez\u00f3 tirar, la piba gritaba desde adentro del auto y el tipo no paraba. Cuando el auto arranc\u00f3 el loco se par\u00f3 en la calle, apunt\u00f3 y sigui\u00f3 tirando. Parec\u00eda una pel\u00edcula\u00bb. El hombre parece no creer lo que presenci\u00f3: \u00abAc\u00e1 hay robos seguidos, pero esto nunca\u00bb.<\/div>\n<div style=\"text-align: justify;\" align=\"justify\"><\/div>\n<div style=\"text-align: justify;\" align=\"justify\">Hasta el pasado mi\u00e9rcoles, El fantasma Paz andaba en un Volkswagen Bora. Pero ese d\u00eda le entregaron la flamante cup\u00e9 BMW cero kil\u00f3metro, patente LQN294. Reci\u00e9n empezaba a disfrutarla cuando la muerte lo fue a buscar. Era un hombre muy joven y qued\u00f3 dentro del habit\u00e1culo del auto con su ropa cubierta de sangre y sus zapatillas Nike Airmax impecables. Los polic\u00edas que requisaron el veh\u00edculo no hallaron ni armas ni drogas.<\/div>\n<div style=\"text-align: justify;\" align=\"justify\"><\/div>\n<div style=\"text-align: justify;\" align=\"justify\">Cuando la calma volv\u00eda al barrio, al lugar no s\u00f3lo lleg\u00f3 un sinn\u00famero de polic\u00edas sino tambi\u00e9n el juez de Instrucci\u00f3n Juan Carlos Vienna y varios familiares y amigos de Paz, entre ellos los integrantes de una reconocida familia del barrio Las Flores asociada al narcotr\u00e1fico y a cr\u00edmenes de esa zona del sur rosarino. Es que Paz fue hasta ayer parte integrante del n\u00facleo directo de la familia Cantero, uno de cuyos integrantes admiti\u00f3 ante este diario que la v\u00edctima era su \u00abcu\u00f1ado, pero nada que ver\u00bb, dijo despeg\u00e1ndolo de los negocios sucios por los que ellos fueron hist\u00f3ricamente acusados.<\/div>\n<div style=\"text-align: justify;\" align=\"justify\"><\/div>\n<div style=\"text-align: justify;\" align=\"justify\">En ese sentido, altas fuentes policiales aseguraron que el apodo de El fantasma que identificaba a Paz ten\u00eda que ver con ese estar despegado de los Cantero. \u00abNunca tuvo un antecedente penal, pero para nosotros era el hombre que se mov\u00eda en la trastienda blanqueando los dineros sucios que Los monos mov\u00edan\u00bb, dijo un alto oficial.<\/div>\n","protected":false},"excerpt":{"rendered":"<p>En la intersecci\u00f3n de las calles 27 de Febrero y Entre R\u00edos, un sicario en moto ejecuto a balazos al conductor de un lujoso BMW blanco. La polic\u00eda inform\u00f3 que ser\u00eda un ajuste de cuentas o una guerra por el control de la droga ya que el asesinado\u00a0apodado el \u201cFantasma\u201d,\u00a0estaba vinculado \u00a0la denominada \u201cBanda los&hellip;<\/p>\n","protected":false},"author":1,"featured_media":0,"comment_status":"open","ping_status":"open","sticky":false,"template":"","format":"standard","meta":{"footnotes":""},"categories":[22],"tags":[11034,786,12662,12664,1006,12663,2516,305,4189,2208,5290],"class_list":["post-27189","post","type-post","status-publish","format-standard","hentry","category-policiales","tag-9-m-m","tag-balazos","tag-banda-los-monos","tag-bmw-z4","tag-brenda","tag-martin-luis-paz","tag-moto","tag-muerte","tag-pistola","tag-rosario","tag-sicario"],"_links":{"self":[{"href":"https:\/\/www.elsindical.com.ar\/notas\/wp-json\/wp\/v2\/posts\/27189","targetHints":{"allow":["GET"]}}],"collection":[{"href":"https:\/\/www.elsindical.com.ar\/notas\/wp-json\/wp\/v2\/posts"}],"about":[{"href":"https:\/\/www.elsindical.com.ar\/notas\/wp-json\/wp\/v2\/types\/post"}],"author":[{"embeddable":true,"href":"https:\/\/www.elsindical.com.ar\/notas\/wp-json\/wp\/v2\/users\/1"}],"replies":[{"embeddable":true,"href":"https:\/\/www.elsindical.com.ar\/notas\/wp-json\/wp\/v2\/comments?post=27189"}],"version-history":[{"count":1,"href":"https:\/\/www.elsindical.com.ar\/notas\/wp-json\/wp\/v2\/posts\/27189\/revisions"}],"predecessor-version":[{"id":27191,"href":"https:\/\/www.elsindical.com.ar\/notas\/wp-json\/wp\/v2\/posts\/27189\/revisions\/27191"}],"wp:attachment":[{"href":"https:\/\/www.elsindical.com.ar\/notas\/wp-json\/wp\/v2\/media?parent=27189"}],"wp:term":[{"taxonomy":"category","embeddable":true,"href":"https:\/\/www.elsindical.com.ar\/notas\/wp-json\/wp\/v2\/categories?post=27189"},{"taxonomy":"post_tag","embeddable":true,"href":"https:\/\/www.elsindical.com.ar\/notas\/wp-json\/wp\/v2\/tags?post=27189"}],"curies":[{"name":"wp","href":"https:\/\/api.w.org\/{rel}","templated":true}]}}