{"id":27171,"date":"2012-09-08T16:12:35","date_gmt":"2012-09-08T19:12:35","guid":{"rendered":"http:\/\/www.elsindical.com.ar\/notas\/?p=27171"},"modified":"2012-09-08T16:12:35","modified_gmt":"2012-09-08T19:12:35","slug":"el-ciudad-pedira-una-cautelar-contra-el-traspaso-de-los-fondos-judiciales","status":"publish","type":"post","link":"https:\/\/www.elsindical.com.ar\/notas\/el-ciudad-pedira-una-cautelar-contra-el-traspaso-de-los-fondos-judiciales\/","title":{"rendered":"El Ciudad pedir\u00e1 una \u00abcautelar\u00bb contra el traspaso de los fondos judiciales"},"content":{"rendered":"<p style=\"text-align: justify;\"><em><a href=\"http:\/\/www.elsindical.com.ar\/notas\/var\/www\/html\/notas\/wp-content\/uploads\/2012\/08\/marcha-Congreso-por-Banco-Ciudad.jpg\"><img loading=\"lazy\" decoding=\"async\" class=\"alignleft size-medium wp-image-26829\" title=\"marcha-Congreso-por-Banco-Ciudad\" src=\"http:\/\/www.elsindical.com.ar\/notas\/var\/www\/html\/notas\/wp-content\/uploads\/2012\/08\/marcha-Congreso-por-Banco-Ciudad-300x224.jpg\" alt=\"\" width=\"300\" height=\"224\" srcset=\"https:\/\/www.elsindical.com.ar\/notas\/var\/www\/html\/notas\/wp-content\/uploads\/2012\/08\/marcha-Congreso-por-Banco-Ciudad-300x224.jpg 300w, https:\/\/www.elsindical.com.ar\/notas\/var\/www\/html\/notas\/wp-content\/uploads\/2012\/08\/marcha-Congreso-por-Banco-Ciudad.jpg 502w\" sizes=\"auto, (max-width: 300px) 100vw, 300px\" \/><\/a>El presidente del Banco porte\u00f1o, <strong>Federico Sturzenegger<\/strong>, anticip\u00f3 que ir\u00e1 a la justicia para que \u00abquede sin efecto\u00bb la<strong> ley que transfiere los dep\u00f3sitos<\/strong> del poder judicial al Naci\u00f3n, en caso de ser aprobada el pr\u00f3ximo mi\u00e9rcoles.<\/em><\/p>\n<p style=\"text-align: justify;\">El Banco Ciudad piensa resistir as\u00ed la ley que <strong>se encamina a aprobar el Senado<\/strong> y que dispone que los dep\u00f3sitos de las causas federales que se tramitan en la Ciudad de Buenos Aires ser\u00e1n depositados en el Banco de la Naci\u00f3n.<\/p>\n<p style=\"text-align: justify;\">\u00ab<strong>Vamos a presentar una cautelar para que la ley quede sin efecto, declar\u00e1ndola anti constitucional<\/strong>\u00ab, anticip\u00f3 Sturzenegger. Sostuvo adem\u00e1s que \u00abel Congreso no tiene potestad\u00bb para legislar sobre esos dep\u00f3sitos y si lo hiciera \u00abestar\u00eda violando el proceso de autonom\u00eda de la Ciudad consagrado en la Constituci\u00f3n\u00bb.<\/p>\n<p style=\"text-align: justify;\">En declaraciones al programa \u00abSinton\u00eda Fina\u00bb, de <em>FM Milenium<\/em>, el titular del Banco Ciudad explic\u00f3 que el planteo que har\u00e1n en los tribunales ser\u00e1 que \u00abcuando el Congreso del a\u00f1o 1985 le dio los dep\u00f3sitos judiciales al Ciudad, lo hizo en su car\u00e1cter de legislatura local\u00bb.<\/p>\n<p style=\"text-align: justify;\">\u00abAntes de que existiera la Ciudad como ente aut\u00f3nomo, el Congreso actuaba como Congreso de la Naci\u00f3n propiamente dicho pero a veces lo hac\u00eda como legislatura de la Ciudad. Por lo tanto, toda esa legislaci\u00f3n se traslad\u00f3 a la Legislatura de la Ciudad que ahora existe\u00bb, agreg\u00f3 Sturzenegger.<\/p>\n<p style=\"text-align: justify;\">En esta l\u00ednea, precis\u00f3 que \u00abla legislaci\u00f3n sobre dep\u00f3sitos judiciales ha sido transferida a la Legislatura de la Ciudad y <strong>el Congreso no tiene potestad sobre esto<\/strong>\u00ab, por lo que \u00absi legislara sobre esta materia estar\u00eda <strong>violando el proceso de autonom\u00eda de la Ciudad <\/strong>consagrado en la Constituci\u00f3n\u00bb.<\/p>\n<p style=\"text-align: justify;\">El presidente de la entidad se\u00f1al\u00f3 que \u00ab<strong>en todas las provincias los dep\u00f3sitos judiciales los procesa el banco local<\/strong>\u00bb y que \u00abcon esta ley, la Ciudad quedar\u00eda como el \u00fanico distrito donde esto no ocurrir\u00eda\u00bb.<\/p>\n<p style=\"text-align: justify;\">\u00abEs parte de una pol\u00edtica del Gobierno nacional de perjudicar a la Ciudad por motivos pol\u00edticos y dejarla en desventaja\u00bb, agreg\u00f3 Sturzenegger.<\/p>\n<p style=\"text-align: justify;\">Seg\u00fan el funcionario, \u00abesos dep\u00f3sitos tienen la caracter\u00edstica de ser bastante estables, es lo que <strong>permite sostener la cartera de cr\u00e9ditos hipotecarios<\/strong> muy fuerte que tiene el Banco Ciudad\u00bb, que ser\u00eda \u00ablo que m\u00e1s se resintir\u00eda con esta ley\u00bb.<\/p>\n<p style=\"text-align: justify;\">Adem\u00e1s, desestim\u00f3 el argumento esgrimido por el senador oficialista <strong>An\u00edbal Fern\u00e1ndez<\/strong>, quien afirma que el Banco Ciudad presta m\u00e1s<strong> dinero a<\/strong> <strong>empresas extranjeras que a personas de bajos recursos<\/strong>, como lo indicaba la ley que transfiri\u00f3 en 1985 los fondos judiciales a la entidad bancaria porte\u00f1a.<\/p>\n<p style=\"text-align: justify;\">\u00abHan buscado cosas de arriba a abajo para justificar la ley y lo \u00fanico que han encontrado es que prestamos a empresas que invierten y contratan empleados en la Argentina\u00bb, respondi\u00f3 Sturzenegger.<\/p>\n<p style=\"text-align: justify;\">En el mismo sentido, afirm\u00f3 que \u00abes <strong>ins\u00f3lito<\/strong> que se critique al banco por no prestar a los que menos tiene, porque es <strong>uno de los bancos m\u00e1s sociales<\/strong> que hay, con cr\u00e9ditos hipotecarios para todos los segmentos de ingreso, y el \u00fanico que <strong>tiene sucursales en villas<\/strong> y cajas de ahorro gratuitas\u00bb.<\/p>\n","protected":false},"excerpt":{"rendered":"<p>El presidente del Banco porte\u00f1o, Federico Sturzenegger, anticip\u00f3 que ir\u00e1 a la justicia para que \u00abquede sin efecto\u00bb la ley que transfiere los dep\u00f3sitos del poder judicial al Naci\u00f3n, en caso de ser aprobada el pr\u00f3ximo mi\u00e9rcoles. El Banco Ciudad piensa resistir as\u00ed la ley que se encamina a aprobar el Senado y que dispone&hellip;<\/p>\n","protected":false},"author":1,"featured_media":0,"comment_status":"open","ping_status":"open","sticky":false,"template":"","format":"standard","meta":{"footnotes":""},"categories":[13],"tags":[35,1598,86,178,37,5886,87,2281,8938],"class_list":["post-27171","post","type-post","status-publish","format-standard","hentry","category-politica","tag-banco-ciudad","tag-banco-nacion","tag-congreso","tag-diana-conti","tag-federico-sturzenegger","tag-fondos","tag-ley","tag-poder-judicial","tag-traspaso"],"_links":{"self":[{"href":"https:\/\/www.elsindical.com.ar\/notas\/wp-json\/wp\/v2\/posts\/27171","targetHints":{"allow":["GET"]}}],"collection":[{"href":"https:\/\/www.elsindical.com.ar\/notas\/wp-json\/wp\/v2\/posts"}],"about":[{"href":"https:\/\/www.elsindical.com.ar\/notas\/wp-json\/wp\/v2\/types\/post"}],"author":[{"embeddable":true,"href":"https:\/\/www.elsindical.com.ar\/notas\/wp-json\/wp\/v2\/users\/1"}],"replies":[{"embeddable":true,"href":"https:\/\/www.elsindical.com.ar\/notas\/wp-json\/wp\/v2\/comments?post=27171"}],"version-history":[{"count":2,"href":"https:\/\/www.elsindical.com.ar\/notas\/wp-json\/wp\/v2\/posts\/27171\/revisions"}],"predecessor-version":[{"id":27173,"href":"https:\/\/www.elsindical.com.ar\/notas\/wp-json\/wp\/v2\/posts\/27171\/revisions\/27173"}],"wp:attachment":[{"href":"https:\/\/www.elsindical.com.ar\/notas\/wp-json\/wp\/v2\/media?parent=27171"}],"wp:term":[{"taxonomy":"category","embeddable":true,"href":"https:\/\/www.elsindical.com.ar\/notas\/wp-json\/wp\/v2\/categories?post=27171"},{"taxonomy":"post_tag","embeddable":true,"href":"https:\/\/www.elsindical.com.ar\/notas\/wp-json\/wp\/v2\/tags?post=27171"}],"curies":[{"name":"wp","href":"https:\/\/api.w.org\/{rel}","templated":true}]}}