{"id":27109,"date":"2012-09-06T01:56:19","date_gmt":"2012-09-06T04:56:19","guid":{"rendered":"http:\/\/www.elsindical.com.ar\/notas\/?p=27109"},"modified":"2012-09-06T01:57:51","modified_gmt":"2012-09-06T04:57:51","slug":"parque-avellaneda","status":"publish","type":"post","link":"https:\/\/www.elsindical.com.ar\/notas\/parque-avellaneda\/","title":{"rendered":"Parque Avellaneda:"},"content":{"rendered":"<div id=\"bajada\" style=\"text-align: justify;\">\n<p><em><a href=\"http:\/\/www.elsindical.com.ar\/notas\/var\/www\/html\/notas\/wp-content\/uploads\/2011\/04\/secuestro-policial-gorras-P.jpg\"><img loading=\"lazy\" decoding=\"async\" class=\"alignleft size-full wp-image-13756\" title=\"secuestro-policial-gorras-P\" src=\"http:\/\/www.elsindical.com.ar\/notas\/var\/www\/html\/notas\/wp-content\/uploads\/2011\/04\/secuestro-policial-gorras-P.jpg\" alt=\"\" width=\"236\" height=\"218\" \/><\/a>En el barrio porte\u00f1o de Parque Avellaneda, tres delincuentes fueron apresados, luego de que asaltaran la casa de un ciudadano boliviano. Entre los detenidos, hay un peruano y un paraguayo.<\/em><\/p>\n<\/div>\n<div id=\"texto\" style=\"text-align: justify;\">\n<p>Tres hombres fueron detenidos en el barrio porte\u00f1o de Parque Avellaneda acusados de haber entrado a robar a la casa de un vecino disfrazados de polic\u00edas, informaron fuentes de la fuerza.<\/p>\n<p>El hecho ocurri\u00f3 el martes a la tarde, en una vivienda situada en Fern\u00e1ndez al 1400, de esta Capital Federal, donde personal de la Divisi\u00f3n Robos y Hurtos de la Polic\u00eda Federal Argentina (PFA) localiz\u00f3 una Ford Ranger estacionada de manera sospechosa.<\/p>\n<p>Fuentes policiales informaron que al acercarse al veh\u00edculo detenido los efectivos vieron salir de la casa a dos hombres que vest\u00edan camperas y gorras con la sigla PFA, por lo que les impartieron la voz de alto.<\/p>\n<p>Ante esta situaci\u00f3n, los dos sospechosos huyeron a pie pero uno de ellos fue detenido a los pocos metros y el otro a unas cuadras, en Zinny y Monte, dijeron los informantes. Mientras, un tercer c\u00f3mplice fue apresado frente a la casa de la calle Fern\u00e1ndez a bordo de la camioneta.<\/p>\n<p>Seg\u00fan las fuentes, los detenidos son un peruano de 26 a\u00f1os, un paraguayo de 31 y un argentino de 32, en cuyo poder se secuestraron chalecos con la inscripci\u00f3n \u201c<em>PFA<\/em>\u201d, dos cuchillas, precintos pl\u00e1sticos y un porta credencial con un escudo de la fuerza que simulaba ser una chapa identificadora.<\/p>\n<p>Tambi\u00e9n se les incautaron unos 3.000 pesos que hab\u00edan robado de la casa de la calle Fern\u00e1ndez, donde los efectivos se entrevistaron con la v\u00edctima, un boliviano de 33 a\u00f1os que cont\u00f3 que los detenidos hab\u00edan irrumpido en su vivienda haci\u00e9ndose pasar por polic\u00edas y que le hab\u00eda sustra\u00eddo dinero.<\/p>\n<p>Los detenidos quedaron a disposici\u00f3n del juez de Instrucci\u00f3n (subrogante)\u00a0porte\u00f1o 22 <strong>Guillermo Rongo <\/strong>y del personal de la secretar\u00eda 148, a cargo de <strong>Ricardo Rosset<\/strong>.<\/p>\n<\/div>\n","protected":false},"excerpt":{"rendered":"<p>En el barrio porte\u00f1o de Parque Avellaneda, tres delincuentes fueron apresados, luego de que asaltaran la casa de un ciudadano boliviano. Entre los detenidos, hay un peruano y un paraguayo. Tres hombres fueron detenidos en el barrio porte\u00f1o de Parque Avellaneda acusados de haber entrado a robar a la casa de un vecino disfrazados de&hellip;<\/p>\n","protected":false},"author":1,"featured_media":0,"comment_status":"open","ping_status":"open","sticky":false,"template":"","format":"standard","meta":{"footnotes":""},"categories":[22],"tags":[558,3451,3577,581,742,6621,7065,698,116],"class_list":["post-27109","post","type-post","status-publish","format-standard","hentry","category-policiales","tag-argentino","tag-boliviano","tag-brigada","tag-delincuentes","tag-detenidos","tag-paraguayo","tag-parque-avellaneda","tag-pfa","tag-robo"],"_links":{"self":[{"href":"https:\/\/www.elsindical.com.ar\/notas\/wp-json\/wp\/v2\/posts\/27109","targetHints":{"allow":["GET"]}}],"collection":[{"href":"https:\/\/www.elsindical.com.ar\/notas\/wp-json\/wp\/v2\/posts"}],"about":[{"href":"https:\/\/www.elsindical.com.ar\/notas\/wp-json\/wp\/v2\/types\/post"}],"author":[{"embeddable":true,"href":"https:\/\/www.elsindical.com.ar\/notas\/wp-json\/wp\/v2\/users\/1"}],"replies":[{"embeddable":true,"href":"https:\/\/www.elsindical.com.ar\/notas\/wp-json\/wp\/v2\/comments?post=27109"}],"version-history":[{"count":3,"href":"https:\/\/www.elsindical.com.ar\/notas\/wp-json\/wp\/v2\/posts\/27109\/revisions"}],"predecessor-version":[{"id":27111,"href":"https:\/\/www.elsindical.com.ar\/notas\/wp-json\/wp\/v2\/posts\/27109\/revisions\/27111"}],"wp:attachment":[{"href":"https:\/\/www.elsindical.com.ar\/notas\/wp-json\/wp\/v2\/media?parent=27109"}],"wp:term":[{"taxonomy":"category","embeddable":true,"href":"https:\/\/www.elsindical.com.ar\/notas\/wp-json\/wp\/v2\/categories?post=27109"},{"taxonomy":"post_tag","embeddable":true,"href":"https:\/\/www.elsindical.com.ar\/notas\/wp-json\/wp\/v2\/tags?post=27109"}],"curies":[{"name":"wp","href":"https:\/\/api.w.org\/{rel}","templated":true}]}}