{"id":27099,"date":"2012-09-05T14:42:28","date_gmt":"2012-09-05T17:42:28","guid":{"rendered":"http:\/\/www.elsindical.com.ar\/notas\/?p=27099"},"modified":"2012-09-05T14:42:28","modified_gmt":"2012-09-05T17:42:28","slug":"malvinas-argentinasdenuncian-que-mafia-asesino-a-enfermero-que-denuncio-corrupcion","status":"publish","type":"post","link":"https:\/\/www.elsindical.com.ar\/notas\/malvinas-argentinasdenuncian-que-mafia-asesino-a-enfermero-que-denuncio-corrupcion\/","title":{"rendered":"Malvinas Argentinas:Denuncian que mafia asesino a enfermero que denunci\u00f3 corrupci\u00f3n"},"content":{"rendered":"<p style=\"text-align: justify;\"><em><a href=\"http:\/\/www.elsindical.com.ar\/notas\/var\/www\/html\/notas\/wp-content\/uploads\/2012\/09\/Hospital-pedi\u00e1trico-Malvinas-Argentinas.jpg\"><img loading=\"lazy\" decoding=\"async\" class=\"alignleft size-medium wp-image-27101\" title=\"Hospital-pedi\u00e1trico-Malvinas-Argentinas\" src=\"http:\/\/www.elsindical.com.ar\/notas\/var\/www\/html\/notas\/wp-content\/uploads\/2012\/09\/Hospital-pedi\u00e1trico-Malvinas-Argentinas-300x169.jpg\" alt=\"\" width=\"300\" height=\"169\" srcset=\"https:\/\/www.elsindical.com.ar\/notas\/var\/www\/html\/notas\/wp-content\/uploads\/2012\/09\/Hospital-pedi\u00e1trico-Malvinas-Argentinas-300x169.jpg 300w, https:\/\/www.elsindical.com.ar\/notas\/var\/www\/html\/notas\/wp-content\/uploads\/2012\/09\/Hospital-pedi\u00e1trico-Malvinas-Argentinas.jpg 443w\" sizes=\"auto, (max-width: 300px) 100vw, 300px\" \/><\/a>En un sospechoso caso, Walter Navarro fue matado a balazos sin robarle\u00a0 nada. El hombre trabajaba en el hospital de Malvinas Argentinas.<\/em><\/p>\n<p style=\"text-align: justify;\">Un nuevo caso policial genera sospechas en el municipio bonaerense de <strong>Malvinas Argentinas,<\/strong> cuyo intendente es <strong>Jes\u00fas Cariglino.\u00a0 <\/strong>A los casos de agresi\u00f3n a los periodistas ocurrido unos meses atr\u00e1s, ahora se le agrega un lamentable episodio: <strong>mataron a un enfermero.<\/strong><\/p>\n<p style=\"text-align: justify;\">Un enfermero del hospital Pedi\u00e1trico \u201cClaudio Zin\u201d de Malvinas Argentinas fue asesinado de un disparo en la axila en la puerta de su casa de Villa de Mayo, hecho que su hijo vincul\u00f3 con informaci\u00f3n que el hombre dio sobre el ataque a periodistas en ese distrito el pasado 5 de junio.<\/p>\n<p style=\"text-align: justify;\">La v\u00edctima fue identificada como <strong>Walter Navarro<\/strong>, un enfermero\u00a0 que trabajaba en el hospital \u201cClaudio Zin\u201d, quien muri\u00f3 en el lugar a los pocos minutos de recibir el balazo.<\/p>\n<p style=\"text-align: justify;\">Esta ma\u00f1ana, su hijo, Ger\u00f3nimo Navarro, dijo a la prensa que no cree que se haya tratado de un delito com\u00fan y vincul\u00f3 el episodio a datos que aport\u00f3 su padre en el marco de la reconstrucci\u00f3n de los incidentes registrados el 5 de junio \u00faltimo con una patota que agredi\u00f3 a periodistas, entre ellos un equipo de la agencia T\u00e9lam, que cubr\u00edan una protesta por un caso de mala praxis en el hospital \u201cClaudio Zin\u201d.<\/p>\n<p style=\"text-align: justify;\">El crimen del enfermero fue cometido anoche, cerca de las 21:15 hs., cuando Navarro llegaba a su casa, situada en Estomba 1984, de Villa de Mayo, Malvinas Argentinas.<\/p>\n<p style=\"text-align: justify;\">Un jefe policial inform\u00f3 que el enfermero\u00a0 fue interceptado sorpresivamente por dos hombres armados que bajaron de un Citr\u00f6en C4, donde hab\u00eda otros dos, y que tras un forcejeo le efectuaron un disparo.<\/p>\n<p style=\"text-align: justify;\">Navarro cay\u00f3 gravemente herido y los agresores escaparon en el auto con sus c\u00f3mplices. Si bien en principio los pesquisas creen que no se trat\u00f3 de un asalto, ya que a Navarro no le robaron, no descartaban ninguna pista.<\/p>\n<p style=\"text-align: justify;\">Los investigadores cuentan con algunos testimonios y filmaciones de c\u00e1maras de seguridad de la zona, en base a las cuales intentaban identificar a los agresores.<\/p>\n<p style=\"text-align: justify;\">Por disposici\u00f3n de la fiscal de Malvinas Argentinas Gloria Regu\u00e1n, que interviene en la causa, la investigaci\u00f3n fue encomendada a la Delegaci\u00f3n de Investigaciones de San Isidro.<\/p>\n<p style=\"text-align: justify;\">Un vocero explic\u00f3 que la decisi\u00f3n se tom\u00f3 con el fin de dar \u2018transparencia\u201d a la investigaci\u00f3n mediante la intervenci\u00f3n en el caso de polic\u00edas ajenos al distrito donde ocurri\u00f3 el hecho.<\/p>\n<p style=\"text-align: justify;\">El hijo de la v\u00edctima cont\u00f3 esta ma\u00f1ana que \u201cno hay indicios de robo\u201d, ya que su padre ten\u00eda todas sus pertenencias y no le robaron nada, ni siquiera su camioneta Chevrolet Meriva que estaba all\u00ed.<\/p>\n<p style=\"text-align: justify;\">\u00abEl era enfermero y sabemos que dentro de su horario de trabajo aport\u00f3 datos sobre los negocios que hay detr\u00e1s de la salud ac\u00e1 en Malvinas, no entendemos nada&#8230;\u201d, expres\u00f3.<\/p>\n<p style=\"text-align: justify;\">\u00abNo tenemos datos, no hay nadie que haya visto nada, lo \u00fanico que sabemos es eso, nos da vuelta en la cabeza estos de los datos que aport\u00f3 a una investigaci\u00f3n por los incidentes del 5 de junio\u201d, a\u00f1adi\u00f3 el joven desconsolado.<\/p>\n<p style=\"text-align: justify;\">El hijo de la v\u00edctima se refiri\u00f3 as\u00ed al episodio ocurrido cuando\u00a0 familiares y amigos de v\u00edctimas de mala praxis realizaron una protesta en las puertas del hospital pedi\u00e1trico Claudio Zin, que fue cubierta por varios medios de prensa, y fueron agredidos por una patota conformada por 100 personas que, seg\u00fan denunciaron los afectados, respond\u00eda al intendente de Malvinas Argentinas, Jes\u00fas Cariglino.<\/p>\n<p style=\"text-align: justify;\">Entre los agredidos se encontraba un equipo period\u00edstico de la Agencia de Noticias T\u00e9lam que fue a realizar la cobertura del caso y fue golpeado por una patota que lo amenaz\u00f3, le rob\u00f3 su equipo de trabajo y lo intimid\u00f3 para que se fuera del lugar.<\/p>\n","protected":false},"excerpt":{"rendered":"<p>En un sospechoso caso, Walter Navarro fue matado a balazos sin robarle\u00a0 nada. El hombre trabajaba en el hospital de Malvinas Argentinas. Un nuevo caso policial genera sospechas en el municipio bonaerense de Malvinas Argentinas, cuyo intendente es Jes\u00fas Cariglino.\u00a0 A los casos de agresi\u00f3n a los periodistas ocurrido unos meses atr\u00e1s, ahora se le&hellip;<\/p>\n","protected":false},"author":1,"featured_media":0,"comment_status":"open","ping_status":"open","sticky":false,"template":"","format":"standard","meta":{"footnotes":""},"categories":[22],"tags":[363,5191,12642,4336,12643],"class_list":["post-27099","post","type-post","status-publish","format-standard","hentry","category-policiales","tag-asesinato","tag-enfermero","tag-jesus-cariglino","tag-malvinas-argentinas","tag-walter-navarro"],"_links":{"self":[{"href":"https:\/\/www.elsindical.com.ar\/notas\/wp-json\/wp\/v2\/posts\/27099","targetHints":{"allow":["GET"]}}],"collection":[{"href":"https:\/\/www.elsindical.com.ar\/notas\/wp-json\/wp\/v2\/posts"}],"about":[{"href":"https:\/\/www.elsindical.com.ar\/notas\/wp-json\/wp\/v2\/types\/post"}],"author":[{"embeddable":true,"href":"https:\/\/www.elsindical.com.ar\/notas\/wp-json\/wp\/v2\/users\/1"}],"replies":[{"embeddable":true,"href":"https:\/\/www.elsindical.com.ar\/notas\/wp-json\/wp\/v2\/comments?post=27099"}],"version-history":[{"count":1,"href":"https:\/\/www.elsindical.com.ar\/notas\/wp-json\/wp\/v2\/posts\/27099\/revisions"}],"predecessor-version":[{"id":27102,"href":"https:\/\/www.elsindical.com.ar\/notas\/wp-json\/wp\/v2\/posts\/27099\/revisions\/27102"}],"wp:attachment":[{"href":"https:\/\/www.elsindical.com.ar\/notas\/wp-json\/wp\/v2\/media?parent=27099"}],"wp:term":[{"taxonomy":"category","embeddable":true,"href":"https:\/\/www.elsindical.com.ar\/notas\/wp-json\/wp\/v2\/categories?post=27099"},{"taxonomy":"post_tag","embeddable":true,"href":"https:\/\/www.elsindical.com.ar\/notas\/wp-json\/wp\/v2\/tags?post=27099"}],"curies":[{"name":"wp","href":"https:\/\/api.w.org\/{rel}","templated":true}]}}