{"id":27095,"date":"2012-09-05T14:20:31","date_gmt":"2012-09-05T17:20:31","guid":{"rendered":"http:\/\/www.elsindical.com.ar\/notas\/?p=27095"},"modified":"2012-09-05T14:20:31","modified_gmt":"2012-09-05T17:20:31","slug":"constitucionroban-departamentos-en-edificio-donde-vive-guillermo-moreno","status":"publish","type":"post","link":"https:\/\/www.elsindical.com.ar\/notas\/constitucionroban-departamentos-en-edificio-donde-vive-guillermo-moreno\/","title":{"rendered":"Constituci\u00f3n:Roban departamentos en edificio donde vive Guillermo Moreno"},"content":{"rendered":"<p style=\"text-align: justify;\"><em><a href=\"http:\/\/www.elsindical.com.ar\/notas\/var\/www\/html\/notas\/wp-content\/uploads\/2012\/09\/edificio-Guillermo-Moreno.jpg\"><img loading=\"lazy\" decoding=\"async\" class=\"alignleft size-medium wp-image-27096\" title=\"edificio-Guillermo-Moreno\" src=\"http:\/\/www.elsindical.com.ar\/notas\/var\/www\/html\/notas\/wp-content\/uploads\/2012\/09\/edificio-Guillermo-Moreno-300x193.jpg\" alt=\"\" width=\"300\" height=\"193\" srcset=\"https:\/\/www.elsindical.com.ar\/notas\/var\/www\/html\/notas\/wp-content\/uploads\/2012\/09\/edificio-Guillermo-Moreno-300x193.jpg 300w, https:\/\/www.elsindical.com.ar\/notas\/var\/www\/html\/notas\/wp-content\/uploads\/2012\/09\/edificio-Guillermo-Moreno.jpg 443w\" sizes=\"auto, (max-width: 300px) 100vw, 300px\" \/><\/a>Dos delincuentes armados entraron al inmueble, donde vive el funcionario de la Naci\u00f3n, amenazando a una se\u00f1ora que estaba por ingresar al mismo, de esa forma pudieron robar el departamento de esta propietaria y otro en el tercer piso.<\/em><\/p>\n<p style=\"text-align: justify;\">Los delincuentes ingresaron al edificio donde vive el secretario de Comercio, <strong>Guillermo Moreno<\/strong>, y robaron en dos departamentos.<\/p>\n<p style=\"text-align: justify;\">El hecho se produjo hace unos d\u00edas en el inmueble ubicado en la calle Salta 960 del barrio de Constituci\u00f3n, donde el funcionario se mud\u00f3 hace menos de un a\u00f1o.<\/p>\n<p style=\"text-align: justify;\">Seg\u00fan los vecinos, contaron en forma exclusiva a <strong><em>Cr\u00f3nica<\/em><\/strong> que<em> \u201cdos delincuentes armados amenazaron con dos armas a una se\u00f1ora de unos 65 a\u00f1os que bajaba de un auto para ingresar al edificio y entraron con ella. De all\u00ed subieron al 6\u00ba piso A, donde la mujer vive con dos jubiladas mayores, una de ellas de 80 a\u00f1os. En el departamento las apuntaban con las armas mientras revolv\u00edan todo y se llevaban cosas de valor\u201d<\/em>, aunque no precisaron si fue dinero o joyas.<\/p>\n<p style=\"text-align: justify;\"><em>\u201cA una de las mujeres la golpearon al igual que a un hombre del 3\u00ba piso A\u201d. \u201cComo no sab\u00edan c\u00f3mo salir,enca\u00f1onaron al joven, lo llevaron a su departamento,lo golpearon y posteriormente lo obligaron a abrirles las dos puertas de abajo\u201d. <\/em><\/p>\n<p style=\"text-align: justify;\">Seg\u00fan cont\u00f3 otra vecina a <strong><em>Cr\u00f3nica<\/em><\/strong>, los delincuentes escaparon corriendo para el lado de la avenida Independencia.<\/p>\n<p style=\"text-align: justify;\">El hecho de inseguridad fue confirmado a esta cronista por efectivos de la comisar\u00eda 4\u00aa,quienes se\u00f1alaron que a partir de aquel d\u00eda<em> \u201cse puso una parada en la puerta\u201d<\/em> con un polic\u00eda las 24 horas.<\/p>\n<p style=\"text-align: justify;\">Ayer, sin embargo, cuando <strong><em>Cr\u00f3nica<\/em><\/strong> estuvo en el edificio para hablar con los vecinos, el uniformado <em>\u201cse hab\u00eda ido porque estaba lloviendo\u201d.<\/em><\/p>\n<p style=\"text-align: justify;\">Un hombre que vive en el piso de arriba de Moreno cont\u00f3 que en el momento que entraron los ladrones el secretario de Comercio no estaba en el lugar<em>. \u201cCuando lleg\u00f3, se enfureci\u00f3 y llam\u00f3 al comisario C\u00f3rdoba para que les d\u00e9 m\u00e1s seguridad\u201d<\/em>.<\/p>\n<p style=\"text-align: justify;\">Despu\u00e9s, coment\u00f3 una mujer, <em>\u201cse hizo una reuni\u00f3n de consorcio para evitar que haya nuevos robos y la se\u00f1ora de Moreno, <strong>Marta Cascales<\/strong>, aconsej\u00f3 que los vecinos ten\u00edan que conocerse bien todos para que no entre nadie extra\u00f1o al edificio\u201d<\/em>.<\/p>\n<p style=\"text-align: justify;\">Una de las mujeres respondi\u00f3 que era un poco dif\u00edcil ya que en <em>\u201cel 2\u00ba piso habr\u00eda una prostituta que trabajaba\u00bb<\/em>.<\/p>\n<p style=\"text-align: justify;\">Todas las familias de este espl\u00e9ndido edificio estilo franc\u00e9s construido en los a\u00f1os 40 por el arquitecto <strong>Luciano Lotin<\/strong> contaron que gastaron aproximadamente 400 pesos en nuevos juegos de llaves, que se hicieron para la puerta cancel y la de entrada.<em> <\/em><\/p>\n<p style=\"text-align: justify;\"><em>\u201cGuillermo Moreno ten\u00eda un fabricante de llaves amigo, y nos consigui\u00f3 una rebaja. Cada llave computarizada sali\u00f3 70 pesos\u201d<\/em>, cont\u00f3 un hombre que ingresaba.<\/p>\n<p style=\"text-align: justify;\">\n<p style=\"text-align: justify;\"><strong>Fuente:Cr\u00f3nica<\/strong><\/p>\n<p style=\"text-align: justify;\"><strong>Por Mercedes Ninci<\/strong><\/p>\n","protected":false},"excerpt":{"rendered":"<p>Dos delincuentes armados entraron al inmueble, donde vive el funcionario de la Naci\u00f3n, amenazando a una se\u00f1ora que estaba por ingresar al mismo, de esa forma pudieron robar el departamento de esta propietaria y otro en el tercer piso. Los delincuentes ingresaron al edificio donde vive el secretario de Comercio, Guillermo Moreno, y robaron en&hellip;<\/p>\n","protected":false},"author":1,"featured_media":0,"comment_status":"open","ping_status":"open","sticky":false,"template":"","format":"standard","meta":{"footnotes":""},"categories":[22],"tags":[324,6122,4166,30,116],"class_list":["post-27095","post","type-post","status-publish","format-standard","hentry","category-policiales","tag-constitucion","tag-departamentos","tag-llaves","tag-policia","tag-robo"],"_links":{"self":[{"href":"https:\/\/www.elsindical.com.ar\/notas\/wp-json\/wp\/v2\/posts\/27095","targetHints":{"allow":["GET"]}}],"collection":[{"href":"https:\/\/www.elsindical.com.ar\/notas\/wp-json\/wp\/v2\/posts"}],"about":[{"href":"https:\/\/www.elsindical.com.ar\/notas\/wp-json\/wp\/v2\/types\/post"}],"author":[{"embeddable":true,"href":"https:\/\/www.elsindical.com.ar\/notas\/wp-json\/wp\/v2\/users\/1"}],"replies":[{"embeddable":true,"href":"https:\/\/www.elsindical.com.ar\/notas\/wp-json\/wp\/v2\/comments?post=27095"}],"version-history":[{"count":2,"href":"https:\/\/www.elsindical.com.ar\/notas\/wp-json\/wp\/v2\/posts\/27095\/revisions"}],"predecessor-version":[{"id":27098,"href":"https:\/\/www.elsindical.com.ar\/notas\/wp-json\/wp\/v2\/posts\/27095\/revisions\/27098"}],"wp:attachment":[{"href":"https:\/\/www.elsindical.com.ar\/notas\/wp-json\/wp\/v2\/media?parent=27095"}],"wp:term":[{"taxonomy":"category","embeddable":true,"href":"https:\/\/www.elsindical.com.ar\/notas\/wp-json\/wp\/v2\/categories?post=27095"},{"taxonomy":"post_tag","embeddable":true,"href":"https:\/\/www.elsindical.com.ar\/notas\/wp-json\/wp\/v2\/tags?post=27095"}],"curies":[{"name":"wp","href":"https:\/\/api.w.org\/{rel}","templated":true}]}}