{"id":27074,"date":"2012-09-05T00:48:54","date_gmt":"2012-09-05T03:48:54","guid":{"rendered":"http:\/\/www.elsindical.com.ar\/notas\/?p=27074"},"modified":"2012-09-05T00:48:54","modified_gmt":"2012-09-05T03:48:54","slug":"el-sindical-radio-dia-03-de-septiembre-del-2012","status":"publish","type":"post","link":"https:\/\/www.elsindical.com.ar\/notas\/el-sindical-radio-dia-03-de-septiembre-del-2012\/","title":{"rendered":"El Sindical radio d\u00eda 03 de septiembre del 2012"},"content":{"rendered":"<p style=\"text-align: justify;\"><em><a href=\"http:\/\/www.elsindical.com.ar\/notas\/var\/www\/html\/notas\/wp-content\/uploads\/2012\/06\/RadiosOnlineFM.jpg\"><img loading=\"lazy\" decoding=\"async\" class=\"alignleft size-medium wp-image-25011\" title=\"RadiosOnlineFM\" src=\"http:\/\/www.elsindical.com.ar\/notas\/var\/www\/html\/notas\/wp-content\/uploads\/2012\/06\/RadiosOnlineFM-300x250.jpg\" alt=\"\" width=\"300\" height=\"250\" srcset=\"https:\/\/www.elsindical.com.ar\/notas\/var\/www\/html\/notas\/wp-content\/uploads\/2012\/06\/RadiosOnlineFM-300x250.jpg 300w, https:\/\/www.elsindical.com.ar\/notas\/var\/www\/html\/notas\/wp-content\/uploads\/2012\/06\/RadiosOnlineFM.jpg 500w\" sizes=\"auto, (max-width: 300px) 100vw, 300px\" \/><\/a>Programa radial El Sindical, lunes de 19:00 a 20:00 por la 88.1, FM Boedo. Conducido por la Dra. Mar\u00eda Laura Lastres, el Dr. Armando Mart\u00edn Sabadini y el periodista Marcelo Ricardo Hawrylciw. Les informamos a los oyentes y lectores que se incorpora al staff la Dra. Valeria Carreras.\u00a0<\/em><\/p>\n<p style=\"text-align: justify;\">Programa extendido del d\u00eda 03 de septiembre del 2012 de El Sindical radio. Con la conducci\u00f3n de Mar\u00eda Laura Lastres, Valeria Carreras y Marcelo Ricardo Hawrylciw. Participaron del programa la Dra.Mirta Torres Nieto, Directora de la Comisi\u00f3n de Derecho del Trabajo del Colegio P\u00fablico de Abogados de la Capital Federal, ex jueza laboral e integrante de una ONG sobre violencia en el f\u00fatbol ex dirigente futbol\u00edstica.<\/p>\n<p style=\"text-align: justify;\">Charlamos con Gabriela Sartori, de la ONG \u00abCambiar una l\u00e1grima por una sonrisa\u00bb, que act\u00faan en la ciudad de La Plata, expuso sobre violencia de g\u00e9nero, pero desde la perspectiva de la mujer como v\u00edctima y el hombre como victimario.<\/p>\n<p style=\"text-align: justify;\">Desarrollamos el fallo en el cual por primera vez un juez utiliza el termino \u00abfemicidio\u00bb en sus considerandos.<\/p>\n<p style=\"text-align: justify;\">Debatimos y expusimos posiciones sobre el voto de los adolescentes a los 16 a\u00f1os.<\/p>\n<p style=\"text-align: justify;\"><img loading=\"lazy\" decoding=\"async\" class=\"alignnone\" src=\"http:\/\/a5.sphotos.ak.fbcdn.net\/hphotos-ak-ash4\/s720x720\/253583_4113663876191_74598082_n.jpg\" alt=\"\" width=\"720\" height=\"482\" \/><\/p>\n<p style=\"text-align: justify;\"><img loading=\"lazy\" decoding=\"async\" class=\"alignnone\" src=\"http:\/\/a1.sphotos.ak.fbcdn.net\/hphotos-ak-snc6\/603233_4113666156248_1121597533_n.jpg\" alt=\"\" width=\"960\" height=\"715\" \/><\/p>\n<p style=\"text-align: justify;\"><img loading=\"lazy\" decoding=\"async\" class=\"alignnone\" src=\"http:\/\/a2.sphotos.ak.fbcdn.net\/hphotos-ak-ash4\/400813_4113667356278_152352076_n.jpg\" alt=\"\" width=\"960\" height=\"655\" \/><\/p>\n<p><iframe loading=\"lazy\" src=\"http:\/\/player.vimeo.com\/video\/48845689\" frameborder=\"0\" width=\"500\" height=\"375\"><\/iframe><\/p>\n<p><a href=\"http:\/\/vimeo.com\/48845689\">3 de septiembre 2012<\/a> from <a href=\"http:\/\/vimeo.com\/hawrylciw\">Marcelo Ricardo Hawrylciw<\/a> on <a href=\"http:\/\/vimeo.com\">Vimeo<\/a>.<\/p>\n<p><object width=\"353\" height=\"132\" classid=\"clsid:d27cdb6e-ae6d-11cf-96b8-444553540000\" codebase=\"http:\/\/download.macromedia.com\/pub\/shockwave\/cabs\/flash\/swflash.cab#version=6,0,40,0\"><param name=\"src\" value=\"http:\/\/www.goear.com\/files\/external.swf?file=e6cbafa\" \/><param name=\"wmode\" value=\"transparent\" \/><param name=\"quality\" value=\"high\" \/><embed width=\"353\" height=\"132\" type=\"application\/x-shockwave-flash\" src=\"http:\/\/www.goear.com\/files\/external.swf?file=e6cbafa\" wmode=\"transparent\" quality=\"high\" \/><\/object><\/p>\n","protected":false},"excerpt":{"rendered":"<p>Programa radial El Sindical, lunes de 19:00 a 20:00 por la 88.1, FM Boedo. Conducido por la Dra. Mar\u00eda Laura Lastres, el Dr. Armando Mart\u00edn Sabadini y el periodista Marcelo Ricardo Hawrylciw. Les informamos a los oyentes y lectores que se incorpora al staff la Dra. Valeria Carreras.\u00a0 Programa extendido del d\u00eda 03 de septiembre&hellip;<\/p>\n","protected":false},"author":1,"featured_media":0,"comment_status":"open","ping_status":"open","sticky":false,"template":"","format":"standard","meta":{"footnotes":""},"categories":[11826],"tags":[11830,12082,3251,11827,12631,1448,12630,11939],"class_list":["post-27074","post","type-post","status-publish","format-standard","hentry","category-el-sindical-radio","tag-armando-martin-sabadini","tag-dra-maria-laura-lastres","tag-el-sindical","tag-fm-boedo","tag-gabriela-sartori","tag-marcelo-ricardo-hawrylciw","tag-mirta-torres-nieto","tag-valeria-carreras"],"_links":{"self":[{"href":"https:\/\/www.elsindical.com.ar\/notas\/wp-json\/wp\/v2\/posts\/27074","targetHints":{"allow":["GET"]}}],"collection":[{"href":"https:\/\/www.elsindical.com.ar\/notas\/wp-json\/wp\/v2\/posts"}],"about":[{"href":"https:\/\/www.elsindical.com.ar\/notas\/wp-json\/wp\/v2\/types\/post"}],"author":[{"embeddable":true,"href":"https:\/\/www.elsindical.com.ar\/notas\/wp-json\/wp\/v2\/users\/1"}],"replies":[{"embeddable":true,"href":"https:\/\/www.elsindical.com.ar\/notas\/wp-json\/wp\/v2\/comments?post=27074"}],"version-history":[{"count":2,"href":"https:\/\/www.elsindical.com.ar\/notas\/wp-json\/wp\/v2\/posts\/27074\/revisions"}],"predecessor-version":[{"id":27076,"href":"https:\/\/www.elsindical.com.ar\/notas\/wp-json\/wp\/v2\/posts\/27074\/revisions\/27076"}],"wp:attachment":[{"href":"https:\/\/www.elsindical.com.ar\/notas\/wp-json\/wp\/v2\/media?parent=27074"}],"wp:term":[{"taxonomy":"category","embeddable":true,"href":"https:\/\/www.elsindical.com.ar\/notas\/wp-json\/wp\/v2\/categories?post=27074"},{"taxonomy":"post_tag","embeddable":true,"href":"https:\/\/www.elsindical.com.ar\/notas\/wp-json\/wp\/v2\/tags?post=27074"}],"curies":[{"name":"wp","href":"https:\/\/api.w.org\/{rel}","templated":true}]}}