{"id":27031,"date":"2012-09-03T19:11:02","date_gmt":"2012-09-03T22:11:02","guid":{"rendered":"http:\/\/www.elsindical.com.ar\/notas\/?p=27031"},"modified":"2012-09-03T19:11:02","modified_gmt":"2012-09-03T22:11:02","slug":"neuquendelincuentes-utilizan-a-un-perro-como-arma-para-robar","status":"publish","type":"post","link":"https:\/\/www.elsindical.com.ar\/notas\/neuquendelincuentes-utilizan-a-un-perro-como-arma-para-robar\/","title":{"rendered":"Neuqu\u00e9n:Delincuentes utilizan a un perro como arma para robar"},"content":{"rendered":"<div id=\"bajada\" style=\"text-align: justify;\">\n<p><em><a href=\"http:\/\/www.elsindical.com.ar\/notas\/var\/www\/html\/notas\/wp-content\/uploads\/2012\/09\/dogo-argentino2.jpg\"><img loading=\"lazy\" decoding=\"async\" class=\"alignleft size-medium wp-image-27035\" title=\"dogo-argentino\" src=\"http:\/\/www.elsindical.com.ar\/notas\/var\/www\/html\/notas\/wp-content\/uploads\/2012\/09\/dogo-argentino2-300x230.jpg\" alt=\"\" width=\"300\" height=\"230\" srcset=\"https:\/\/www.elsindical.com.ar\/notas\/var\/www\/html\/notas\/wp-content\/uploads\/2012\/09\/dogo-argentino2-300x230.jpg 300w, https:\/\/www.elsindical.com.ar\/notas\/var\/www\/html\/notas\/wp-content\/uploads\/2012\/09\/dogo-argentino2.jpg 443w\" sizes=\"auto, (max-width: 300px) 100vw, 300px\" \/><\/a>Una mujer neuquina fue brutalmente asaltada por una pareja de malvivientes que llevaron a un perro para atacar. Adem\u00e1s de sacarle el celular, el animal se aferr\u00f3 a los gemelos de la v\u00edctima y le produjo importantes heridas que ya motivaron a dos cirug\u00edas.<\/em><\/p>\n<\/div>\n<div id=\"texto\" style=\"text-align: justify;\">\n<p>Una mujer de la ciudad de Neuqu\u00e9n sufri\u00f3 un violento e ins\u00f3lito ataque\u00a0 de una pareja de presuntos ladrones que se valieron de perro de raza Dogo Argentino, considerada uno de los canes m\u00e1s peligrosos y sanguinarios, para alzarse con unos celulares.<\/p>\n<p>Seg\u00fan inform\u00f3 el diario <em>La Ma\u00f1ana <\/em>de Neuqu\u00e9n, los hechos ocurrieron el pasado s\u00e1bado cerca de la madrugada<\/p>\n<p>La v\u00edctima, llamada <strong>Mariela Beroiza<\/strong>, sali\u00f3 de su humilde vivienda para asegurar el port\u00f3n de acceso porque \u201c<em>sent\u00eda ruidos, como que alguien andaba<\/em>\u201d, cuando ocurri\u00f3 algo que nunca imagin\u00f3: fue atacada por una pareja y un agresivo perro.<\/p>\n<p>En primera instancia, seg\u00fan el relato de la mujer, le arrebataron la cadena del port\u00f3n y la golpearon en un ojo. \u00ab<em>Cuando me ca\u00ed al suelo me empezaron a patear y pegar con la cadena y me largaron el perro que me comi\u00f3 las piernas<\/em>\u201d, cont\u00f3.<\/p>\n<p>El perro, un Dogo Argentino se aferr\u00f3 a sus gemelos y le produjo importantes heridas que ya motivaron dos cirug\u00edas en el hospital Castro Rend\u00f3n.<\/p>\n<p>\u201c<em>Me comi\u00f3 la carne y la piel y por ah\u00ed me tienen que meter en quir\u00f3fano otra vez porque qued\u00f3 algo para afuera, pero ni piel tengo<\/em>\u201d, agreg\u00f3. Adem\u00e1s, explic\u00f3 que la lesi\u00f3n m\u00e1s severa la tiene en uno de sus gemelos: \u201c<em>Una herida de 8 cent\u00edmetros de largo por 10 de profundidad<\/em>\u201d donde le falta el m\u00fasculo.<\/p>\n<p>La mujer,\u00a0 que vive junto a sus dos hijas y nietos, denunci\u00f3 que la pareja de asaltantes \u201c<em>que entraron y me robaron celulares luego de patear y romperme la mesa y las sillas de mi casa<\/em>\u201d, son conocidos\u00a0 vecinos del barrio \u201c<em>que ya usaron el perro varias veces en la zona de Gran Neuqu\u00e9n<\/em>\u201d.<\/p>\n<p>Una de las hijas de la v\u00edctima, <strong>Gabriela<\/strong>, tambi\u00e9n result\u00f3 golpeada. \u201c<em>Le pegaron con un ladrillo en la cabeza y ahora tiene todo el ojo hinchado<\/em>\u201d, dijo.<\/p>\n<p>La mujer radic\u00f3 la denuncia en la comisar\u00eda tercera y dijo que al perro\u00a0 \u201c<em>se lo llevaron a una chacra o lo tienen atado porque no lo vimos m\u00e1s<\/em>\u201d.<\/p>\n<p>Los due\u00f1os del violento animal fueron identificados como \u201c<strong><em>Jessica<\/em><\/strong><em> y <strong>Esteban<\/strong>, que siguen por el barrio como si no hubiera pasado nada<\/em>\u201d, dijo y agreg\u00f3 que desde el incidente \u201c<em>la polic\u00eda mont\u00f3 rondines cerca de la casa porque tengo mucho miedo<\/em>\u201d.<\/p>\n<p>Mariela Beroiza, que vive de tareas dom\u00e9sticas,\u00a0 est\u00e1 postrada. \u201c<em>No me puedo mover casi y ando con un palo que se me resbala porque no pude conseguir muletas<\/em>\u201d, y pide ayuda de manera desesperada \u201c<em>porque no puedo trabajar, solo quiero que me den una mano hasta que pueda volver a hacer mi trabajo<\/em>\u201d.<\/p>\n<\/div>\n","protected":false},"excerpt":{"rendered":"<p>Una mujer neuquina fue brutalmente asaltada por una pareja de malvivientes que llevaron a un perro para atacar. Adem\u00e1s de sacarle el celular, el animal se aferr\u00f3 a los gemelos de la v\u00edctima y le produjo importantes heridas que ya motivaron a dos cirug\u00edas. Una mujer de la ciudad de Neuqu\u00e9n sufri\u00f3 un violento e&hellip;<\/p>\n","protected":false},"author":1,"featured_media":0,"comment_status":"open","ping_status":"open","sticky":false,"template":"","format":"standard","meta":{"footnotes":""},"categories":[22],"tags":[12618,1739,1326,30,116],"class_list":["post-27031","post","type-post","status-publish","format-standard","hentry","category-policiales","tag-dogo-argentino","tag-lesiones","tag-neuquen","tag-policia","tag-robo"],"_links":{"self":[{"href":"https:\/\/www.elsindical.com.ar\/notas\/wp-json\/wp\/v2\/posts\/27031","targetHints":{"allow":["GET"]}}],"collection":[{"href":"https:\/\/www.elsindical.com.ar\/notas\/wp-json\/wp\/v2\/posts"}],"about":[{"href":"https:\/\/www.elsindical.com.ar\/notas\/wp-json\/wp\/v2\/types\/post"}],"author":[{"embeddable":true,"href":"https:\/\/www.elsindical.com.ar\/notas\/wp-json\/wp\/v2\/users\/1"}],"replies":[{"embeddable":true,"href":"https:\/\/www.elsindical.com.ar\/notas\/wp-json\/wp\/v2\/comments?post=27031"}],"version-history":[{"count":2,"href":"https:\/\/www.elsindical.com.ar\/notas\/wp-json\/wp\/v2\/posts\/27031\/revisions"}],"predecessor-version":[{"id":27037,"href":"https:\/\/www.elsindical.com.ar\/notas\/wp-json\/wp\/v2\/posts\/27031\/revisions\/27037"}],"wp:attachment":[{"href":"https:\/\/www.elsindical.com.ar\/notas\/wp-json\/wp\/v2\/media?parent=27031"}],"wp:term":[{"taxonomy":"category","embeddable":true,"href":"https:\/\/www.elsindical.com.ar\/notas\/wp-json\/wp\/v2\/categories?post=27031"},{"taxonomy":"post_tag","embeddable":true,"href":"https:\/\/www.elsindical.com.ar\/notas\/wp-json\/wp\/v2\/tags?post=27031"}],"curies":[{"name":"wp","href":"https:\/\/api.w.org\/{rel}","templated":true}]}}