{"id":2699,"date":"2010-01-02T12:09:23","date_gmt":"2010-01-02T15:09:23","guid":{"rendered":"http:\/\/www.elsindical.com.ar\/notas\/?p=2699"},"modified":"2010-01-02T12:09:23","modified_gmt":"2010-01-02T15:09:23","slug":"la-prensa-y-la-republica","status":"publish","type":"post","link":"https:\/\/www.elsindical.com.ar\/notas\/la-prensa-y-la-republica\/","title":{"rendered":"La prensa y la Rep\u00fablica"},"content":{"rendered":"<p style=\"text-align: justify;\"><em><a href=\"http:\/\/www.elsindical.com.ar\/notas\/var\/www\/html\/notas\/wp-content\/uploads\/2010\/01\/prensa-y-Rep\u00fablica.jpg\"><img loading=\"lazy\" decoding=\"async\" class=\"alignleft size-full wp-image-2700\" title=\"prensa-y-Rep\u00fablica\" src=\"http:\/\/www.elsindical.com.ar\/notas\/var\/www\/html\/notas\/wp-content\/uploads\/2010\/01\/prensa-y-Rep\u00fablica.jpg\" alt=\"\" width=\"283\" height=\"197\" \/><\/a>\u201cLos medios de comunicaci\u00f3n tradicionales son y ser\u00e1n herramientas de control social; reproductores de la visi\u00f3n de las clases dirigentes y cumplen como tales una funci\u00f3n variable que depende de los valores de quienes ostentan el poder\u201d.<\/em> <strong>(Marcos Bauz\u00e1 &#8211; Los medios y la cultura de la violencia)<\/strong><strong><\/strong><\/p>\n<p style=\"text-align: justify;\">Esta primera frase que he elegido de entre las muchas que podemos escoger sobre la prensa, es un extracto que el autor ha editado del libro del periodista Koly Bader \u201cCapitalismo, Neomafias y Poder\u201d, un libro que, si bien describe el rol de la prensa y los pol\u00edticos en la provincia de argentina de Tucum\u00e1n, es perfectamente aplicable al \u00e1mbito nacional. La curiosidad me llev\u00f3 a investigar sobre este periodista que, lejos de considerar su libro la obra de un \u201cvaliente\u201d, reconoce sentir miedo por las repercusiones del mismo, asegura que tiene miedo a ser golpeado, pero tambi\u00e9n dice que no podr\u00eda vivir en su casa callando lo que sabe, ese miedo de vivir \u201cprotegido\u201d es peor que el miedo a ser golpeado.<\/p>\n<p style=\"text-align: justify;\">Asegura que no descubri\u00f3 nada, que s\u00f3lo transcribe lo que todos saben y que, en realidad, los medios deber\u00edan darles espacio a la gente para que los pol\u00edticos escuchen, y no a la inversa como suelen hacer. Podr\u00e1 existir quienes est\u00e9n a favor o en contra del colega y hasta de mi propia opini\u00f3n -por lo menos en estas aseveraciones- pero es interesante reflexionar al respecto.<\/p>\n<p style=\"text-align: justify;\">La prensa ha sido definida como el \u201ccuarto poder\u201d en los pa\u00edses m\u00e1s organizados y como un \u201csector de poder\u201d en el nuestro, ya que, a diferencia de esas naciones, rara vez la prensa consigue similares logros, en parte por la cultura particular de los argentinos, a los que nos parece todo un esfuerzo recordar lo que no se debe hacer. En ese cotexto, la noticia de hoy, ma\u00f1ana se vuelve irrelevante.<\/p>\n<p style=\"text-align: justify;\">Durante muchos a\u00f1os, la prensa luch\u00f3 por un espacio de poder dentro de los sistemas pol\u00edticos y, <strong>en nombre de la libertad de prensa, se ha perdido muchas veces la \u00e9tica y hasta se han vulnerado derechos de los propios periodistas<\/strong>.<\/p>\n<p style=\"text-align: justify;\">Hace unos cinco a\u00f1os aproximadamente comenc\u00e9 a investigar la situaci\u00f3n laboral de los colegas en los distintos medios y, con decepci\u00f3n, pude comprobar c\u00f3mo es uno de los sectores que registra el mayor n\u00famero de empleados en condiciones irregulares de contrataci\u00f3n. S\u00f3lo aquellos que se desempe\u00f1an en los \u201cgrandes medios\u201d se acercan en parte a condiciones laborales registradas, pero no evitan el maltrato laboral o las persecuciones por cuestiones de militancia sindical. Curiosamente, cuando los medios \u201cgrandes\u201d realizan sus purgas, no es noticia en otros medios y todo sigue como si nada. Recuerdo cuando los empleados despedidos del <em>Casino de Buenos Aires<\/em> se agrupaban en las cercan\u00edas de Puerto Madero y los m\u00f3viles de los canales esperaban salir en vivo mostrando, o bien agresiones de los trabajadores, o c\u00f3mo eran reprimidos por la Prefectura. Hasta hab\u00eda charlas con noteros entre bebidas para apaciguar el calor. Por ese entonces, <em>Canal 9<\/em> hab\u00eda despedido a varios trabajadores, que improvisaron una mesa para reclamar por los despidos y despedir \u2013valga la iron\u00eda- el a\u00f1o en la calle, pero ning\u00fan otro medio se ocup\u00f3 de mostrar las im\u00e1genes y mucho menos expresar solidaridad con los despedidos. Sus propios compa\u00f1eros comentaban la bronca por los despidos, las malas condiciones laborales, pero nadie quer\u00eda perder su trabajo, eso era mejor que nada, <strong>y as\u00ed pas\u00f3 con <em>Cr\u00f3nica<\/em>, con <em>Clar\u00edn<\/em>, con <em>Perfil<\/em>, con <em>T\u00e9lam<\/em>, <em>P\u00e1gina\/12<\/em> y otros medios. La mayor\u00eda de los periodistas callaron<\/strong>.<\/p>\n<p style=\"text-align: justify;\">Con esto, no es dif\u00edcil comprender que la noticia, esa que nos brindan, es af\u00edn a los intereses que se persiguen, seg\u00fan el sector que financie el medio, de ah\u00ed la pelea por la pauta que algunos medios han sostenido con el gobierno identificado con el kirchnerismo, el de N\u00e9stor y el de Cristina, pero esta nefasta necesidad de transformar a la informaci\u00f3n y a un medio en un aliado medi\u00e1tico tambi\u00e9n afecta a medios m\u00e1s peque\u00f1os como ser los medios locales. Poco importa si el due\u00f1o de un medio es abogado, m\u00e9dico, pol\u00edtico o pastor, todos observan primero el dinero de la publicidad y, sobre la base de ello, orientar\u00e1n la l\u00ednea editorial.<\/p>\n<p style=\"text-align: justify;\">Es muy dif\u00edcil hacer periodismo independiente, a pesar de que hoy todos aseguran ser parte de \u00e9l, y esta impureza afecta a la Rep\u00fablica, porque en el medio de esta madeja de premios y castigos los m\u00e1s beneficiados tienen \u201cfavores\u201d y los m\u00e1s \u201cgrandes\u201d consiguen impunidad, afectando el principio de igualdad ante la Ley que todos deber\u00edamos tener, como lo asegura la Constituci\u00f3n.\u00a0<\/p>\n<p style=\"text-align: justify;\"><strong>La degradaci\u00f3n institucional<\/strong><strong><\/strong><\/p>\n<p style=\"text-align: justify;\">Si bien mencion\u00e9 que en nuestro pa\u00eds la prensa no tiene por s\u00ed sola la fuerza de generar acciones de los sectores de la Rep\u00fablica, tiene el enorme poder de hacer p\u00fablicos hechos que generalmente constituyen delitos o faltas de funcionarios, sea quien lo publique un medio \u201cpeque\u00f1o\u201d o \u201cgrande\u201d. Los funcionarios gustan de las notas en las que se los presente como h\u00e9roes, a pesar de que lo habitual deber\u00eda ser hacer bien su trabajo de servicio a la sociedad.<\/p>\n<p style=\"text-align: justify;\">Esta necesidad de los funcionarios o pol\u00edticos de ser reconocidos, es tan antigua como el hombre mismo, las apariencias siempre fueron \u00fatiles para sostener cualquier tipo de gobierno, <strong>y para ello la publicidad es un elemento imprescindible<\/strong>. Porque al igual que las religiones son un elemento m\u00e1s de control social.<\/p>\n<p style=\"text-align: justify;\">Esta manipulaci\u00f3n de la sensaci\u00f3n de las masas que pueden provocar los medios, ha obligado en los \u00faltimos a\u00f1os a que muchos funcionarios act\u00faen de funcionarios, es decir, si bien existe como requisito para el ejercicio de una funci\u00f3n la idoneidad, muchos han valorado la capacidad de \u201caparentar\u201d.<\/p>\n<p style=\"text-align: justify;\">Hechos muy puntuales de la actualidad nacional confirman la temeraria improvisaci\u00f3n de personajes p\u00fablicos a los que se les paga el sueldo con fondos del Estado, en brindar declaraciones a la prensa que rayan lo rid\u00edculo cuando luego deben esforzarse en desdecir lo que dijeron. Ejemplos: el ministro de Seguridad bonaerense, Carlos Stornelli, ha hecho de su gesti\u00f3n el mejor ejemplo de un funcionario que, al no saber y no poder ordenar la seguridad de una provincia afectada en la inseguridad por la corrupci\u00f3n, la impunidad y la incapacidad, una retractaci\u00f3n permanente de casi todo lo que anuncia, menos de su puesto. Vale recordar su defensa de la polic\u00eda que hoy denuncia como conspirativa, de su defensa de los rastrillajes en el caso de la familia Pomar, para luego relevar polic\u00edas y, resignado, reconocer errores; o el mantener a\u00fan hoy que los delitos en la provincia bajaron. Id\u00e9nticas conductas de retractaci\u00f3n tienen por ejemplo la fiscal Karina Pollice al brindar diferentes versiones a la prensa sin tener elementos seguros, se puede culpar a la polic\u00eda por su mal desempe\u00f1o, pero no por su imprudencia en salir a los medios apresuradamente en lugar de controlar sus propias medidas judiciales. El fiscal de Mercedes, Juan Ignacio Bidone, que investiga el denominado Triple Crimen de Rodr\u00edguez es otro ejemplo de lo que no debe hacer un funcionario judicial, brindando opiniones sobre la muerte dudosa de un importante testigo sin tener presente elementos relevantes que no hagan que hoy diga una cosa y ma\u00f1ana otra.<\/p>\n<p style=\"text-align: justify;\">Tanto necesitan algunos estar en los medios que, en el caso del accidente del jugador Diego Buonanotte, antes de los resultados de los peritajes, el fiscal Carlos Colimedaglia ya aventura un posible procesamiento por triple homicidio culposo, una figura que por su tipicidad parece m\u00e1s grave de lo que en la pr\u00e1ctica judicial implican las condenas de este tipo.<strong><\/strong><\/p>\n<p style=\"text-align: justify;\"><strong>En el espectro pol\u00edtico abundan los ejemplos en todos los partidos, hoy aseguran una cosa y ma\u00f1ana legislan otra.<\/strong><strong><\/strong><\/p>\n<p style=\"text-align: justify;\">Es por este motivo, que siempre es bueno tener un medio aliado y si no, se compra; por eso, no hay que dejarse enga\u00f1ar ni por unos ni por otros en las peleas por la libertad de prensa o la ley de medios; y esto es as\u00ed porque muchos de los grandes grupos empresarios de noticias han tenido durante a\u00f1os practicas desleales y violado casi todas las formas sobre trabajo registrado, buenas condiciones laborales, respeto de la libertad sindical y cumplimientos impositivos.<\/p>\n<p style=\"text-align: justify;\">Cuando los medios no reflejan la realidad que viven d\u00eda a d\u00eda los ciudadanos -y hay mucho por mostrar: exclusi\u00f3n, desempleo, retardo de justicia, pobreza, discriminaci\u00f3n, falta de libertad sindical, persecuci\u00f3n, corrupci\u00f3n, narcotr\u00e1fico, trata de personas, malversaci\u00f3n de caudales, impunidad y una prensa que no es independiente-, se ven afectados derechos y garant\u00edas constitucionales, por ende, la Rep\u00fablica.<\/p>\n<p style=\"text-align: justify;\">La inseguridad no se soluciona con nuevas penas si no se cumplen las que existen. Si primero no se depura el sistema policial y judicial que, seg\u00fan propias estad\u00edsticas oficiales, tiene m\u00e1s de un 75% de detenidos esperando juicio justo. De personas que terminan, ellos y sus familias, arruinadas por un sistema corrupto y saturado, incapaz de administrar justicia en los tiempos coherentes que deber\u00eda tener un proceso, o bien con causas armadas por una estructura policial ineficiente para investigar cuando debe hacerlo, pero r\u00e1pida para hacer bien las \u201ctareas\u201d que benefician a los pol\u00edticos de turno, que son los responsables de que no funcione el Estado de Derecho.\u00a0<\/p>\n<p style=\"text-align: justify;\"><strong>Conclusi\u00f3n<\/strong><strong><\/strong><\/p>\n<p style=\"text-align: justify;\">Puede parecer pesimista mi informe, pero simplemente trato de que de una vez por todas reflexionemos sobre qu\u00e9 nos pasa y por qu\u00e9. Las respuestas no llegan por correo a nuestra puerta. Dios, por m\u00e1s que le pidamos, no va a cambiar las ideas de quienes ocupan mal sus puestos; es nuestro el derecho y el deber de comenzar a actuar y participar, de organizarse no s\u00f3lo para cortar una calle o realizar un escrache, sino para participar en las decisiones importantes, de acercarnos a los pol\u00edticos para saber qu\u00e9 hacen.<\/p>\n<p style=\"text-align: justify;\">Tambi\u00e9n de denunciar, si es necesario, a quienes se aprovechan de la posici\u00f3n de poder que tienen, de participar tambi\u00e9n en los medios.<\/p>\n<p style=\"text-align: justify;\">Hoy estar comunicados es algo realmente muy sencillo, podemos interactuar con cualquiera en cualquier parte del mundo, y no dejarnos que nos vendan que las nuevas tecnolog\u00edas son s\u00f3lo para intercambiar fotos, m\u00fasica o andar \u201cde levante\u201d en la web.<\/p>\n<p style=\"text-align: justify;\">La libertad de opini\u00f3n es de todos, no es un patrimonio de los periodistas, no se enga\u00f1en idolatrando a programas o periodistas como los due\u00f1os de la verdad. Investiguen, comparen noticias, tengan cr\u00edtica personal, \u00bfQu\u00e9 le puede importar o saber a un periodista que recibe \u201cextras\u201d de empresas lo que ocurre con los trabajadores despedidos?<\/p>\n<p style=\"text-align: justify;\">Que nadie les quite a los ciudadanos, al pueblo, el poder que hist\u00f3ricamente es del pueblo. Basta de que los funcionarios crean haber sido designados por una designaci\u00f3n divina y s\u00f3lo atiendan sus propios intereses.<\/p>\n<p style=\"text-align: justify;\">Que nadie les diga que un hecho es as\u00ed porque lo dijeron en la televisi\u00f3n, muchos de los que suelen brindar noticias no tienen oficio de periodistas, porque en la facultad se los prepara y egresan como licenciados en comunicaci\u00f3n. Si prestan atenci\u00f3n, nuestros periodistas leen la noticia seg\u00fan la l\u00ednea editorial y s\u00f3lo hacen breves comentarios cuando la noticia es evidentemente relevante, id\u00e9ntica metodolog\u00eda aplican la prensa escrita y radial.<\/p>\n<p style=\"text-align: justify;\">La Rep\u00fablica s\u00f3lo se puede salvar si todos estamos dispuestos a ponerle nuestra voz a nuestro reclamo, si sumamos nuestra voz a la del que tambi\u00e9n necesita ser escuchado, nadie es due\u00f1o de nuestros sentimientos o necesidades, el poder es del pueblo.<\/p>\n<p style=\"text-align: justify;\"><strong>Marcelo Ricardo Hawrylciw<\/strong><\/p>\n","protected":false},"excerpt":{"rendered":"<p>\u201cLos medios de comunicaci\u00f3n tradicionales son y ser\u00e1n herramientas de control social; reproductores de la visi\u00f3n de las clases dirigentes y cumplen como tales una funci\u00f3n variable que depende de los valores de quienes ostentan el poder\u201d. (Marcos Bauz\u00e1 &#8211; Los medios y la cultura de la violencia) Esta primera frase que he elegido de&hellip;<\/p>\n","protected":false},"author":1,"featured_media":0,"comment_status":"open","ping_status":"open","sticky":false,"template":"","format":"standard","meta":{"footnotes":""},"categories":[1,10],"tags":[1451,1454,1447,1452,1448,1446,1455,1449,1453,1450],"class_list":["post-2699","post","type-post","status-publish","format-standard","hentry","category-destacadas","category-editorial","tag-corrupcion","tag-funcionarios-judiciales","tag-koly-bader","tag-mafias","tag-marcelo-ricardo-hawrylciw","tag-marcos-bauza","tag-noticias","tag-periodismo","tag-politicos","tag-republica"],"_links":{"self":[{"href":"https:\/\/www.elsindical.com.ar\/notas\/wp-json\/wp\/v2\/posts\/2699","targetHints":{"allow":["GET"]}}],"collection":[{"href":"https:\/\/www.elsindical.com.ar\/notas\/wp-json\/wp\/v2\/posts"}],"about":[{"href":"https:\/\/www.elsindical.com.ar\/notas\/wp-json\/wp\/v2\/types\/post"}],"author":[{"embeddable":true,"href":"https:\/\/www.elsindical.com.ar\/notas\/wp-json\/wp\/v2\/users\/1"}],"replies":[{"embeddable":true,"href":"https:\/\/www.elsindical.com.ar\/notas\/wp-json\/wp\/v2\/comments?post=2699"}],"version-history":[{"count":1,"href":"https:\/\/www.elsindical.com.ar\/notas\/wp-json\/wp\/v2\/posts\/2699\/revisions"}],"predecessor-version":[{"id":2701,"href":"https:\/\/www.elsindical.com.ar\/notas\/wp-json\/wp\/v2\/posts\/2699\/revisions\/2701"}],"wp:attachment":[{"href":"https:\/\/www.elsindical.com.ar\/notas\/wp-json\/wp\/v2\/media?parent=2699"}],"wp:term":[{"taxonomy":"category","embeddable":true,"href":"https:\/\/www.elsindical.com.ar\/notas\/wp-json\/wp\/v2\/categories?post=2699"},{"taxonomy":"post_tag","embeddable":true,"href":"https:\/\/www.elsindical.com.ar\/notas\/wp-json\/wp\/v2\/tags?post=2699"}],"curies":[{"name":"wp","href":"https:\/\/api.w.org\/{rel}","templated":true}]}}