{"id":26951,"date":"2012-08-30T22:11:13","date_gmt":"2012-08-31T01:11:13","guid":{"rendered":"http:\/\/www.elsindical.com.ar\/notas\/?p=26951"},"modified":"2012-08-30T22:11:13","modified_gmt":"2012-08-31T01:11:13","slug":"colegialesmarcha-de-vecinos-para-que-aparezca-sandra","status":"publish","type":"post","link":"https:\/\/www.elsindical.com.ar\/notas\/colegialesmarcha-de-vecinos-para-que-aparezca-sandra\/","title":{"rendered":"Colegiales:Marcha de vecinos para que aparezca Sandra"},"content":{"rendered":"<p style=\"text-align: justify;\"><em><a href=\"http:\/\/www.elsindical.com.ar\/notas\/var\/www\/html\/notas\/wp-content\/uploads\/2012\/08\/Sandra-M\u00e9ndez.jpg\"><img loading=\"lazy\" decoding=\"async\" class=\"alignleft size-medium wp-image-26952\" title=\"Sandra-M\u00e9ndez\" src=\"http:\/\/www.elsindical.com.ar\/notas\/var\/www\/html\/notas\/wp-content\/uploads\/2012\/08\/Sandra-M\u00e9ndez-300x300.jpg\" alt=\"\" width=\"300\" height=\"300\" srcset=\"https:\/\/www.elsindical.com.ar\/notas\/var\/www\/html\/notas\/wp-content\/uploads\/2012\/08\/Sandra-M\u00e9ndez-300x300.jpg 300w, https:\/\/www.elsindical.com.ar\/notas\/var\/www\/html\/notas\/wp-content\/uploads\/2012\/08\/Sandra-M\u00e9ndez-150x150.jpg 150w, https:\/\/www.elsindical.com.ar\/notas\/var\/www\/html\/notas\/wp-content\/uploads\/2012\/08\/Sandra-M\u00e9ndez.jpg 413w\" sizes=\"auto, (max-width: 300px) 100vw, 300px\" \/><\/a>Sandra M\u00e9ndez, de 13 a\u00f1os, es buscada desde hace seis d\u00edas. \u00abA veces nos piramos los adultos, \u00bfpor qu\u00e9 no se pueden pirar los adolescentes?\u00bb, se pregunt\u00f3 la madre.<\/em><\/p>\n<p style=\"text-align: justify;\">Familiares y amigos de <strong>Sandra M\u00e9ndez<\/strong>, la adolescente de 13 a\u00f1os que fue vista por \u00faltima vez cuando sal\u00eda de su colegio, en Colegiales, el mi\u00e9rcoles 24, <strong>se reunieron en C\u00f3rdoba y Lacroze <\/strong>para pedir por su pronta aparici\u00f3n.<\/p>\n<p style=\"text-align: justify;\">\u00abA la salida de la escuela le mostr\u00f3 a sus amigas que ten\u00eda un nuevo novio en Facebook y <strong>suponemos que se fue con \u00e9l<\/strong>\u00ab, cont\u00f3 la mam\u00e1 de la menor, Marisa quien asegur\u00f3 que \u00ab<strong>el tiempo fue pasando, las dudas fueron aumentando y no sabemos nada<\/strong>\u00ab.<\/p>\n<p style=\"text-align: justify;\">La madre asegur\u00f3 que hab\u00eda una sospecha de una persona pero con el correr de los d\u00edas se cay\u00f3. \u00ab<strong>Nos hab\u00edamos armado una ilusi\u00f3n, pero se nos derrumb\u00f3<\/strong>\u00ab, afirm\u00f3 la mujer en referencia al paradero de su \u00fanica hija.<\/p>\n<p style=\"text-align: justify;\">\u00abHay millones de brazos para abrazarla. <strong>Estoy para abrazarla y para entenderla. Que vuelva<\/strong>\u00ab, pidi\u00f3 la mam\u00e1 a la par que se\u00f1al\u00f3: \u00aba veces nos piramos los adultos, \u00bfpor qu\u00e9 no se pueden pirar los adolescentes\u00bb.<\/p>\n<p style=\"text-align: justify;\">Si cre\u00e9s haberla visto contactate al 0800 333 5500 o envi\u00e1 un mail a <a href=\"mailto:info@missingchildren.org.ar\">info@missingchildren.org.ar<\/a> .<\/p>\n","protected":false},"excerpt":{"rendered":"<p>Sandra M\u00e9ndez, de 13 a\u00f1os, es buscada desde hace seis d\u00edas. \u00abA veces nos piramos los adultos, \u00bfpor qu\u00e9 no se pueden pirar los adolescentes?\u00bb, se pregunt\u00f3 la madre. Familiares y amigos de Sandra M\u00e9ndez, la adolescente de 13 a\u00f1os que fue vista por \u00faltima vez cuando sal\u00eda de su colegio, en Colegiales, el mi\u00e9rcoles&hellip;<\/p>\n","protected":false},"author":1,"featured_media":0,"comment_status":"open","ping_status":"open","sticky":false,"template":"","format":"standard","meta":{"footnotes":""},"categories":[26],"tags":[885,6313,973,921,156,223,30,12600],"class_list":["post-26951","post","type-post","status-publish","format-standard","hentry","category-solidaridad","tag-adolescentes","tag-colegiales","tag-desaparecida","tag-madre","tag-marcha","tag-menor","tag-policia","tag-sandra-mendez"],"_links":{"self":[{"href":"https:\/\/www.elsindical.com.ar\/notas\/wp-json\/wp\/v2\/posts\/26951","targetHints":{"allow":["GET"]}}],"collection":[{"href":"https:\/\/www.elsindical.com.ar\/notas\/wp-json\/wp\/v2\/posts"}],"about":[{"href":"https:\/\/www.elsindical.com.ar\/notas\/wp-json\/wp\/v2\/types\/post"}],"author":[{"embeddable":true,"href":"https:\/\/www.elsindical.com.ar\/notas\/wp-json\/wp\/v2\/users\/1"}],"replies":[{"embeddable":true,"href":"https:\/\/www.elsindical.com.ar\/notas\/wp-json\/wp\/v2\/comments?post=26951"}],"version-history":[{"count":1,"href":"https:\/\/www.elsindical.com.ar\/notas\/wp-json\/wp\/v2\/posts\/26951\/revisions"}],"predecessor-version":[{"id":26953,"href":"https:\/\/www.elsindical.com.ar\/notas\/wp-json\/wp\/v2\/posts\/26951\/revisions\/26953"}],"wp:attachment":[{"href":"https:\/\/www.elsindical.com.ar\/notas\/wp-json\/wp\/v2\/media?parent=26951"}],"wp:term":[{"taxonomy":"category","embeddable":true,"href":"https:\/\/www.elsindical.com.ar\/notas\/wp-json\/wp\/v2\/categories?post=26951"},{"taxonomy":"post_tag","embeddable":true,"href":"https:\/\/www.elsindical.com.ar\/notas\/wp-json\/wp\/v2\/tags?post=26951"}],"curies":[{"name":"wp","href":"https:\/\/api.w.org\/{rel}","templated":true}]}}