{"id":26939,"date":"2012-08-30T20:34:15","date_gmt":"2012-08-30T23:34:15","guid":{"rendered":"http:\/\/www.elsindical.com.ar\/notas\/?p=26939"},"modified":"2012-08-30T20:34:15","modified_gmt":"2012-08-30T23:34:15","slug":"cobraran-recargos-al-uso-de-las-tarjetas-de-credito-en-el-exterior","status":"publish","type":"post","link":"https:\/\/www.elsindical.com.ar\/notas\/cobraran-recargos-al-uso-de-las-tarjetas-de-credito-en-el-exterior\/","title":{"rendered":"Cobraran recargos al uso de las tarjetas de cr\u00e9dito en el exterior"},"content":{"rendered":"<p style=\"text-align: justify;\"><em><a href=\"http:\/\/www.elsindical.com.ar\/notas\/var\/www\/html\/notas\/wp-content\/uploads\/2009\/12\/tarjetas-de-cr\u00e9dito.jpg\"><img loading=\"lazy\" decoding=\"async\" class=\"alignleft size-full wp-image-2620\" title=\"tarjetas-de-cr\u00e9dito\" src=\"http:\/\/www.elsindical.com.ar\/notas\/var\/www\/html\/notas\/wp-content\/uploads\/2009\/12\/tarjetas-de-cr\u00e9dito.jpg\" alt=\"\" width=\"227\" height=\"151\" \/><\/a>El titular de la AFIP, Ricardo Echegaray, anunci\u00f3 que el impuesto se podr\u00e1 deducir de Ganancias. <strong>Desde cu\u00e1ndo comenzar\u00e1 a regir.<\/strong><\/em><\/p>\n<p style=\"text-align: justify;\">Las compras con tarjetas de cr\u00e9dito que se realicen en el exterior tendr\u00e1n un cargo de 15 % que se incluir\u00e1 en el resumen mensual y se tomar\u00e1 a cuenta de los pagos de ganancias o bienes personales.<\/p>\n<p style=\"text-align: justify;\">As\u00ed lo anunci\u00f3 hoy el titular de la Administraci\u00f3n Federal de Ingresos P\u00fablicos (AFIP), Ricardo Echegaray, quien enfatiz\u00f3 que <strong>\u201cno es un nuevo impuesto sino un adelanto\u201d<\/strong> de las liquidaciones anuales de ganancias y bienes personales.<\/p>\n<p style=\"text-align: justify;\">La medida -implementada a trav\u00e9s de la Resoluci\u00f3n 3.378 que se publicar\u00e1 ma\u00f1ana en el Bolet\u00edn Oficial- <strong><a href=\"http:\/\/fortunaweb.com.ar\/2012-07-20-99050-el-fisco-evalua-aumentar-los-controles-a-las-tarjetas-de-credito\/\" target=\"_blank\">regir\u00e1 para los consumos que se realicen fuera del pa\u00eds<\/a> a partir del 1\u00ba de setiembre.<\/strong><\/p>\n<p style=\"text-align: justify;\">Al mismo tiempo se publicar\u00e1 la resoluci\u00f3n 3.375 por la que se crea el marco para que las tarjetas de cr\u00e9dito informen mensualmente el detalle discriminado de consumos locales y en el exterior de cada contribuyente.<\/p>\n<p style=\"text-align: justify;\">Echegaray asegur\u00f3 que <em>\u201cel 99,9 por ciento de aquellos contribuyentes que realizan compras con tarjetas de cr\u00e9dito en el exterior est\u00e1n incluidos en los reg\u00edmenes de ganancias y bienes personales\u201d<\/em>. Seg\u00fan explic\u00f3 el funcionario, \u201ccuando un titular de tarjeta de cr\u00e9dito o alguna de sus extensiones realice una compra en el exterior el banco emisor del pl\u00e1stico cargar\u00e1 en el resumen un 15 por ciento que el contribuyente pagar\u00e1 al momento de liquidar el resumen\u201d.<\/p>\n<p style=\"text-align: justify;\">Luego ese pago<strong> podr\u00e1 ser aplicado por el contribuyente para la liquidaci\u00f3n final de los impuestos a las Ganancias y Bienes Personales.<\/strong><\/p>\n<p style=\"text-align: justify;\">Echegaray dijo que en los \u00faltimos 18 meses (con el corte en junio de 2012) se computan 168 mil tarjetas con gastos totales por 7.400 millones de pesos.<\/p>\n<p style=\"text-align: justify;\">El funcionario reconoci\u00f3 que esta medida \u201cdesalentar\u00e1 las compras en el exterior\u201d pero insisti\u00f3 \u201cen que no es un nuevo impuesto, a diferencia de lo que han realizado otros pa\u00edses\u201d.<\/p>\n<p style=\"text-align: justify;\">Debido a que admiti\u00f3 la imposibilidad de medir el impacto que tendr\u00e1 esta medida en los viajeros, se\u00f1al\u00f3 que \u201cno hay una evaluaci\u00f3n del impacto\u201d.<\/p>\n<p style=\"text-align: justify;\">Aclar\u00f3 que en los casos de aquellas personas que se le realice el cobro y luego no tengan que pagar ganancias o bienes personales<strong> se le generar\u00e1 un cr\u00e9dito fiscal o se le devolver\u00e1 tambi\u00e9n v\u00eda resumen de la tarjeta.<\/strong><\/p>\n<p style=\"text-align: justify;\">Adem\u00e1s enfatiz\u00f3 que las tarjetas actuar\u00e1n como agente de percepci\u00f3n y no podr\u00e1n cobrar ning\u00fan cargo por este tr\u00e1mite que es considerado una carga p\u00fablica.<\/p>\n<p style=\"text-align: justify;\">Fuente: DyN<\/p>\n","protected":false},"excerpt":{"rendered":"<p>El titular de la AFIP, Ricardo Echegaray, anunci\u00f3 que el impuesto se podr\u00e1 deducir de Ganancias. Desde cu\u00e1ndo comenzar\u00e1 a regir. Las compras con tarjetas de cr\u00e9dito que se realicen en el exterior tendr\u00e1n un cargo de 15 % que se incluir\u00e1 en el resumen mensual y se tomar\u00e1 a cuenta de los pagos de&hellip;<\/p>\n","protected":false},"author":1,"featured_media":0,"comment_status":"open","ping_status":"open","sticky":false,"template":"","format":"standard","meta":{"footnotes":""},"categories":[9],"tags":[69,2699,8934,12593,3553,12592],"class_list":["post-26939","post","type-post","status-publish","format-standard","hentry","category-economia","tag-afip","tag-ganancias","tag-gastos","tag-recargo","tag-ricardo-echegaray","tag-tarjetas-de-credito"],"_links":{"self":[{"href":"https:\/\/www.elsindical.com.ar\/notas\/wp-json\/wp\/v2\/posts\/26939","targetHints":{"allow":["GET"]}}],"collection":[{"href":"https:\/\/www.elsindical.com.ar\/notas\/wp-json\/wp\/v2\/posts"}],"about":[{"href":"https:\/\/www.elsindical.com.ar\/notas\/wp-json\/wp\/v2\/types\/post"}],"author":[{"embeddable":true,"href":"https:\/\/www.elsindical.com.ar\/notas\/wp-json\/wp\/v2\/users\/1"}],"replies":[{"embeddable":true,"href":"https:\/\/www.elsindical.com.ar\/notas\/wp-json\/wp\/v2\/comments?post=26939"}],"version-history":[{"count":1,"href":"https:\/\/www.elsindical.com.ar\/notas\/wp-json\/wp\/v2\/posts\/26939\/revisions"}],"predecessor-version":[{"id":26940,"href":"https:\/\/www.elsindical.com.ar\/notas\/wp-json\/wp\/v2\/posts\/26939\/revisions\/26940"}],"wp:attachment":[{"href":"https:\/\/www.elsindical.com.ar\/notas\/wp-json\/wp\/v2\/media?parent=26939"}],"wp:term":[{"taxonomy":"category","embeddable":true,"href":"https:\/\/www.elsindical.com.ar\/notas\/wp-json\/wp\/v2\/categories?post=26939"},{"taxonomy":"post_tag","embeddable":true,"href":"https:\/\/www.elsindical.com.ar\/notas\/wp-json\/wp\/v2\/tags?post=26939"}],"curies":[{"name":"wp","href":"https:\/\/api.w.org\/{rel}","templated":true}]}}