{"id":2692,"date":"2010-01-02T10:35:33","date_gmt":"2010-01-02T13:35:33","guid":{"rendered":"http:\/\/www.elsindical.com.ar\/notas\/?p=2692"},"modified":"2010-01-02T10:35:33","modified_gmt":"2010-01-02T13:35:33","slug":"cordoba-detuvieron-al-hermano-de-karina-jelinek-con-un-kilo-de-cocaina","status":"publish","type":"post","link":"https:\/\/www.elsindical.com.ar\/notas\/cordoba-detuvieron-al-hermano-de-karina-jelinek-con-un-kilo-de-cocaina\/","title":{"rendered":"C\u00f3rdoba: Detuvieron al hermano de Karina Jelinek con un kilo de coca\u00edna"},"content":{"rendered":"<p style=\"text-align: justify;\"><a href=\"http:\/\/www.elsindical.com.ar\/notas\/var\/www\/html\/notas\/wp-content\/uploads\/2010\/01\/Karina-Jelinek-01.jpg\"><img loading=\"lazy\" decoding=\"async\" class=\"alignleft size-full wp-image-2693\" title=\"Karina-Jelinek-01\" src=\"http:\/\/www.elsindical.com.ar\/notas\/var\/www\/html\/notas\/wp-content\/uploads\/2010\/01\/Karina-Jelinek-01.jpg\" alt=\"\" width=\"142\" height=\"149\" \/><\/a>Un hombre, hermano de la modelo Karina Jelinek, fue detenido hoy en la ciudad cordobesa de Villa Mar\u00eda con un kilo de clorhidrato de coca\u00edna en su poder, inform\u00f3 a la agencia <em>DyN<\/em> el jefe de la Departamental San Mart\u00edn, comisario mayor Daniel Ferreyra.<\/p>\n<p style=\"text-align: justify;\">El operativo se realiz\u00f3 poco despu\u00e9s de las 15 en la esquina de Jos\u00e9 Ingenieros y V\u00e9lez S\u00e1rsfield, en el centro de Villa Mar\u00eda. Adolfo Jelinek, de 34 a\u00f1os, fue detenido cuando descend\u00eda de un colectivo que ven\u00eda de C\u00f3rdoba, dijo Ferreyra.<\/p>\n","protected":false},"excerpt":{"rendered":"<p>Un hombre, hermano de la modelo Karina Jelinek, fue detenido hoy en la ciudad cordobesa de Villa Mar\u00eda con un kilo de clorhidrato de coca\u00edna en su poder, inform\u00f3 a la agencia DyN el jefe de la Departamental San Mart\u00edn, comisario mayor Daniel Ferreyra. El operativo se realiz\u00f3 poco despu\u00e9s de las 15 en la&hellip;<\/p>\n","protected":false},"author":1,"featured_media":0,"comment_status":"open","ping_status":"open","sticky":false,"template":"","format":"standard","meta":{"footnotes":""},"categories":[1],"tags":[43,153,1437,42,1438,30],"class_list":["post-2692","post","type-post","status-publish","format-standard","hentry","category-destacadas","tag-cocaina","tag-cordoba","tag-detenico","tag-droga","tag-karina-jelinek","tag-policia"],"_links":{"self":[{"href":"https:\/\/www.elsindical.com.ar\/notas\/wp-json\/wp\/v2\/posts\/2692","targetHints":{"allow":["GET"]}}],"collection":[{"href":"https:\/\/www.elsindical.com.ar\/notas\/wp-json\/wp\/v2\/posts"}],"about":[{"href":"https:\/\/www.elsindical.com.ar\/notas\/wp-json\/wp\/v2\/types\/post"}],"author":[{"embeddable":true,"href":"https:\/\/www.elsindical.com.ar\/notas\/wp-json\/wp\/v2\/users\/1"}],"replies":[{"embeddable":true,"href":"https:\/\/www.elsindical.com.ar\/notas\/wp-json\/wp\/v2\/comments?post=2692"}],"version-history":[{"count":1,"href":"https:\/\/www.elsindical.com.ar\/notas\/wp-json\/wp\/v2\/posts\/2692\/revisions"}],"predecessor-version":[{"id":2694,"href":"https:\/\/www.elsindical.com.ar\/notas\/wp-json\/wp\/v2\/posts\/2692\/revisions\/2694"}],"wp:attachment":[{"href":"https:\/\/www.elsindical.com.ar\/notas\/wp-json\/wp\/v2\/media?parent=2692"}],"wp:term":[{"taxonomy":"category","embeddable":true,"href":"https:\/\/www.elsindical.com.ar\/notas\/wp-json\/wp\/v2\/categories?post=2692"},{"taxonomy":"post_tag","embeddable":true,"href":"https:\/\/www.elsindical.com.ar\/notas\/wp-json\/wp\/v2\/tags?post=2692"}],"curies":[{"name":"wp","href":"https:\/\/api.w.org\/{rel}","templated":true}]}}