{"id":26872,"date":"2012-08-28T18:02:02","date_gmt":"2012-08-28T21:02:02","guid":{"rendered":"http:\/\/www.elsindical.com.ar\/notas\/?p=26872"},"modified":"2012-08-28T18:02:02","modified_gmt":"2012-08-28T21:02:02","slug":"lanusencuentran-un-craneo-y-dos-piernas-de-mujer-en-un-basural","status":"publish","type":"post","link":"https:\/\/www.elsindical.com.ar\/notas\/lanusencuentran-un-craneo-y-dos-piernas-de-mujer-en-un-basural\/","title":{"rendered":"Lan\u00fas:Encuentran un cr\u00e1neo y dos piernas de mujer en un basural"},"content":{"rendered":"<p style=\"text-align: justify;\"><em><a href=\"http:\/\/www.elsindical.com.ar\/notas\/var\/www\/html\/notas\/wp-content\/uploads\/2012\/08\/restos-humanos-Lan\u00fas-Este.jpg\"><img loading=\"lazy\" decoding=\"async\" class=\"alignleft size-medium wp-image-26873\" title=\"restos-humanos-Lan\u00fas-Este\" src=\"http:\/\/www.elsindical.com.ar\/notas\/var\/www\/html\/notas\/wp-content\/uploads\/2012\/08\/restos-humanos-Lan\u00fas-Este-300x218.jpg\" alt=\"\" width=\"300\" height=\"218\" srcset=\"https:\/\/www.elsindical.com.ar\/notas\/var\/www\/html\/notas\/wp-content\/uploads\/2012\/08\/restos-humanos-Lan\u00fas-Este-300x218.jpg 300w, https:\/\/www.elsindical.com.ar\/notas\/var\/www\/html\/notas\/wp-content\/uploads\/2012\/08\/restos-humanos-Lan\u00fas-Este.jpg 443w\" sizes=\"auto, (max-width: 300px) 100vw, 300px\" \/><\/a>Pertenecen a una mujer asesinada hace varios d\u00edas y la polic\u00eda busa el resto del cuerpo y evidencias sobre el crimen.<\/em><\/p>\n<p style=\"text-align: justify;\">Un cr\u00e1neo y dos piernas de mujer fueron hallados este mediod\u00eda en un basural del partido de Lan\u00fas y <strong>la polic\u00eda trabajaba en el lugar en busca de los dem\u00e1s restos de la v\u00edctima y de evidencias<\/strong>.<\/p>\n<p style=\"text-align: justify;\">Fuentes policiales informaron que los restos fueron encontrados este mediod\u00eda en un basural situado <strong>en el cruce de Pergamino y Bouchard<\/strong> y que a primera vista ser\u00edan de una mujer asesinada hace varios d\u00edas, por lo que la polic\u00eda procuraba determinar si existe alg\u00fan pedido de averiguaci\u00f3n de paradero radicado en alguna seccional de la zona de Lan\u00fas.<\/p>\n<p style=\"text-align: justify;\">Adem\u00e1s, efectivos de la Polic\u00eda Cient\u00edfica realizaban esta tarde los <strong>peritajes correspondientes para determinar la data de la muerte<\/strong>, en tanto, personal de la comisar\u00eda 2da. rastrill\u00f3 la zona pero no encontr\u00f3 m\u00e1s restos del cuerpo.<\/p>\n<p style=\"text-align: justify;\">Seg\u00fan fuentes de la investigaci\u00f3n, <strong>el cr\u00e1neo fue incinerado<\/strong> ya que su tama\u00f1o estaba reducido de tama\u00f1o, por lo que creen que habr\u00edan intentado destruir su rostro.<\/p>\n<p style=\"text-align: justify;\">La causa penal, caratulada \u201c<strong>averiguaci\u00f3n de causales de muerte<\/strong>\u201d, qued\u00f3 a cargo del personal de la Unidad Funcional de Instrucci\u00f3n (UFI) 15 del Departamento Judicial Lomas de Zamora.<\/p>\n<p style=\"text-align: justify;\">\n<p style=\"text-align: justify;\">Fotograf\u00eda:Cr\u00f3nicaTV<\/p>\n","protected":false},"excerpt":{"rendered":"<p>Pertenecen a una mujer asesinada hace varios d\u00edas y la polic\u00eda busa el resto del cuerpo y evidencias sobre el crimen. Un cr\u00e1neo y dos piernas de mujer fueron hallados este mediod\u00eda en un basural del partido de Lan\u00fas y la polic\u00eda trabajaba en el lugar en busca de los dem\u00e1s restos de la v\u00edctima&hellip;<\/p>\n","protected":false},"author":1,"featured_media":0,"comment_status":"open","ping_status":"open","sticky":false,"template":"","format":"standard","meta":{"footnotes":""},"categories":[22],"tags":[12570,937,209,744,2757,11388,30,12571],"class_list":["post-26872","post","type-post","status-publish","format-standard","hentry","category-policiales","tag-craneo","tag-crimen","tag-lanus","tag-lomas-de-zamora","tag-peritos","tag-piernas","tag-policia","tag-ufi-15"],"_links":{"self":[{"href":"https:\/\/www.elsindical.com.ar\/notas\/wp-json\/wp\/v2\/posts\/26872","targetHints":{"allow":["GET"]}}],"collection":[{"href":"https:\/\/www.elsindical.com.ar\/notas\/wp-json\/wp\/v2\/posts"}],"about":[{"href":"https:\/\/www.elsindical.com.ar\/notas\/wp-json\/wp\/v2\/types\/post"}],"author":[{"embeddable":true,"href":"https:\/\/www.elsindical.com.ar\/notas\/wp-json\/wp\/v2\/users\/1"}],"replies":[{"embeddable":true,"href":"https:\/\/www.elsindical.com.ar\/notas\/wp-json\/wp\/v2\/comments?post=26872"}],"version-history":[{"count":1,"href":"https:\/\/www.elsindical.com.ar\/notas\/wp-json\/wp\/v2\/posts\/26872\/revisions"}],"predecessor-version":[{"id":26874,"href":"https:\/\/www.elsindical.com.ar\/notas\/wp-json\/wp\/v2\/posts\/26872\/revisions\/26874"}],"wp:attachment":[{"href":"https:\/\/www.elsindical.com.ar\/notas\/wp-json\/wp\/v2\/media?parent=26872"}],"wp:term":[{"taxonomy":"category","embeddable":true,"href":"https:\/\/www.elsindical.com.ar\/notas\/wp-json\/wp\/v2\/categories?post=26872"},{"taxonomy":"post_tag","embeddable":true,"href":"https:\/\/www.elsindical.com.ar\/notas\/wp-json\/wp\/v2\/tags?post=26872"}],"curies":[{"name":"wp","href":"https:\/\/api.w.org\/{rel}","templated":true}]}}