{"id":26862,"date":"2012-08-28T15:31:20","date_gmt":"2012-08-28T18:31:20","guid":{"rendered":"http:\/\/www.elsindical.com.ar\/notas\/?p=26862"},"modified":"2012-08-28T15:31:20","modified_gmt":"2012-08-28T18:31:20","slug":"bernalotra-mas-del-spb-chocan-dos-micros-con-detenidos-en-la-autopista","status":"publish","type":"post","link":"https:\/\/www.elsindical.com.ar\/notas\/bernalotra-mas-del-spb-chocan-dos-micros-con-detenidos-en-la-autopista\/","title":{"rendered":"Bernal:Otra m\u00e1s del SPB, chocan dos micros con detenidos en la autopista"},"content":{"rendered":"<p style=\"text-align: justify;\"><em><a href=\"http:\/\/www.elsindical.com.ar\/notas\/var\/www\/html\/notas\/wp-content\/uploads\/2012\/08\/Choque-micros-SPB.jpg\"><img loading=\"lazy\" decoding=\"async\" class=\"alignleft size-medium wp-image-26863\" title=\"Choque-micros-SPB\" src=\"http:\/\/www.elsindical.com.ar\/notas\/var\/www\/html\/notas\/wp-content\/uploads\/2012\/08\/Choque-micros-SPB-300x224.jpg\" alt=\"\" width=\"300\" height=\"224\" srcset=\"https:\/\/www.elsindical.com.ar\/notas\/var\/www\/html\/notas\/wp-content\/uploads\/2012\/08\/Choque-micros-SPB-300x224.jpg 300w, https:\/\/www.elsindical.com.ar\/notas\/var\/www\/html\/notas\/wp-content\/uploads\/2012\/08\/Choque-micros-SPB.jpg 443w\" sizes=\"auto, (max-width: 300px) 100vw, 300px\" \/><\/a>Sucedi\u00f3 en la <strong>autopista Buenos Aires-La Plata<\/strong>, en la mano que va hacia la capital de la Provincia de Buenos Aires. Implementaron un <strong>operativo<\/strong> de emergencia para evitar que se escaparan los <strong>detenidos<\/strong>. Hay <strong>demoras<\/strong>.<\/em><\/p>\n<p style=\"text-align: justify;\">Un accidente de tr\u00e1nsito involucr\u00f3 a dos <strong>dos colectivos<\/strong> del <strong>Servicio Penitenciario Bonaerense<\/strong> (<strong>SPB<\/strong>) y gener\u00f3 un momento de preocupaci\u00f3n porque uno de los veh\u00edculos trasladaba a un grupo de <strong>presos<\/strong>.<\/p>\n<p style=\"text-align: justify;\">La colisi\u00f3n se produjo en el <strong>kil\u00f3metro 16<\/strong> de la autopista <strong>Buenos Aires-La Plata<\/strong>, a la altura de <strong>Bernal<\/strong>, sentido hacia la denominada \u00abciudad de las diagonales\u00bb.<\/p>\n<p style=\"text-align: justify;\">Las razones que provocaron el choque a\u00fan no hab\u00edan sido establecidas, pero estiman que se produjo por un <strong>error<\/strong> <strong>humano<\/strong>, ya que ocurri\u00f3 en una recta y cuando hab\u00eda perfectas condiciones de visibilidad.<\/p>\n<p style=\"text-align: justify;\">Tras el accidente, la <strong>Polic\u00eda Bonaerense <\/strong>mont\u00f3 un<strong> operativo<\/strong> de <strong>emergencia<\/strong> en la zona para<strong> evitar la fuga <\/strong>de los detenidos. De todos modos, no hubo inconvenientes.<\/p>\n<p style=\"text-align: justify;\">En la colisi\u00f3n tambi\u00e9n se vieron involucrados <strong>dos patrulleros<\/strong> y un <strong>veh\u00edculo<\/strong> particular, que fueron auxiliados por personal que trabaja en la autopista.<\/p>\n<p style=\"text-align: justify;\">La situaci\u00f3n oblig\u00f3 a que los peritos de <strong>Gendarmer\u00eda<\/strong> trabajaran en el lugar, por lo que s\u00f3lo qued\u00f3 <strong>un carril libre<\/strong> y hay importantes <strong>demoras<\/strong> para circular por esa zona de la autov\u00eda.<\/p>\n","protected":false},"excerpt":{"rendered":"<p>Sucedi\u00f3 en la autopista Buenos Aires-La Plata, en la mano que va hacia la capital de la Provincia de Buenos Aires. Implementaron un operativo de emergencia para evitar que se escaparan los detenidos. Hay demoras. Un accidente de tr\u00e1nsito involucr\u00f3 a dos dos colectivos del Servicio Penitenciario Bonaerense (SPB) y gener\u00f3 un momento de preocupaci\u00f3n&hellip;<\/p>\n","protected":false},"author":1,"featured_media":0,"comment_status":"open","ping_status":"open","sticky":false,"template":"","format":"standard","meta":{"footnotes":""},"categories":[22],"tags":[9229,683,651,742,891,383,1466,1544],"class_list":["post-26862","post","type-post","status-publish","format-standard","hentry","category-policiales","tag-autopista-buenos-aires-la-plata","tag-bernal","tag-choque","tag-detenidos","tag-fuga","tag-operativo","tag-provincia-de-buenos-aires","tag-spb"],"_links":{"self":[{"href":"https:\/\/www.elsindical.com.ar\/notas\/wp-json\/wp\/v2\/posts\/26862","targetHints":{"allow":["GET"]}}],"collection":[{"href":"https:\/\/www.elsindical.com.ar\/notas\/wp-json\/wp\/v2\/posts"}],"about":[{"href":"https:\/\/www.elsindical.com.ar\/notas\/wp-json\/wp\/v2\/types\/post"}],"author":[{"embeddable":true,"href":"https:\/\/www.elsindical.com.ar\/notas\/wp-json\/wp\/v2\/users\/1"}],"replies":[{"embeddable":true,"href":"https:\/\/www.elsindical.com.ar\/notas\/wp-json\/wp\/v2\/comments?post=26862"}],"version-history":[{"count":2,"href":"https:\/\/www.elsindical.com.ar\/notas\/wp-json\/wp\/v2\/posts\/26862\/revisions"}],"predecessor-version":[{"id":26865,"href":"https:\/\/www.elsindical.com.ar\/notas\/wp-json\/wp\/v2\/posts\/26862\/revisions\/26865"}],"wp:attachment":[{"href":"https:\/\/www.elsindical.com.ar\/notas\/wp-json\/wp\/v2\/media?parent=26862"}],"wp:term":[{"taxonomy":"category","embeddable":true,"href":"https:\/\/www.elsindical.com.ar\/notas\/wp-json\/wp\/v2\/categories?post=26862"},{"taxonomy":"post_tag","embeddable":true,"href":"https:\/\/www.elsindical.com.ar\/notas\/wp-json\/wp\/v2\/tags?post=26862"}],"curies":[{"name":"wp","href":"https:\/\/api.w.org\/{rel}","templated":true}]}}