{"id":26732,"date":"2012-08-23T19:34:29","date_gmt":"2012-08-23T22:34:29","guid":{"rendered":"http:\/\/www.elsindical.com.ar\/notas\/?p=26732"},"modified":"2012-08-23T19:34:29","modified_gmt":"2012-08-23T22:34:29","slug":"hallaron-a-elen-la-joven-de-palermo-que-habia-desaparecido-en-el-abasto","status":"publish","type":"post","link":"https:\/\/www.elsindical.com.ar\/notas\/hallaron-a-elen-la-joven-de-palermo-que-habia-desaparecido-en-el-abasto\/","title":{"rendered":"Hallaron a Elen, la joven de Palermo que hab\u00eda desaparecido en el Abasto"},"content":{"rendered":"<p style=\"text-align: justify;\"><em><a href=\"http:\/\/www.elsindical.com.ar\/notas\/var\/www\/html\/notas\/wp-content\/uploads\/2012\/08\/Elen-Mnatsakanyan.jpg\"><img loading=\"lazy\" decoding=\"async\" class=\"alignleft size-medium wp-image-26689\" title=\"Elen-Mnatsakanyan\" src=\"http:\/\/www.elsindical.com.ar\/notas\/var\/www\/html\/notas\/wp-content\/uploads\/2012\/08\/Elen-Mnatsakanyan-300x224.jpg\" alt=\"\" width=\"300\" height=\"224\" srcset=\"https:\/\/www.elsindical.com.ar\/notas\/var\/www\/html\/notas\/wp-content\/uploads\/2012\/08\/Elen-Mnatsakanyan-300x224.jpg 300w, https:\/\/www.elsindical.com.ar\/notas\/var\/www\/html\/notas\/wp-content\/uploads\/2012\/08\/Elen-Mnatsakanyan.jpg 502w\" sizes=\"auto, (max-width: 300px) 100vw, 300px\" \/><\/a>La buscaban intensamente desde hace ocho d\u00edas; hoy apareci\u00f3 en una <strong>comisar\u00eda<\/strong> porte\u00f1a.<\/em><\/p>\n<p style=\"text-align: justify;\">Elen Mnatsakanyan, la <strong>adolescente<\/strong> de 15 a\u00f1os que reside en el barrio porte\u00f1o de <strong>Palermo,<\/strong> apareci\u00f3 hoy, luego de que la familia de su novio le dijera a la polic\u00eda su paradero.<\/p>\n<p style=\"text-align: justify;\">La chica hab\u00eda sido vista por \u00faltima vez mi\u00e9rcoles 15 de agosto en los alrededores del shopping <strong>Abasto<\/strong>, y sus allegados cre\u00edan que hab\u00eda escapado con su <strong>pareja<\/strong>.<\/p>\n<p style=\"text-align: justify;\">Finalmente, fuentes policiales informaron que la joven se encontraba esta tarde en <strong>perfecto estado de salud<\/strong>, en la <strong>comisar\u00eda 25<\/strong> de la Polic\u00eda Federal a la espera de ser entregada a sus padres.<\/p>\n<p style=\"text-align: justify;\">Ayer, la Fiscal\u00eda Nacional en lo Criminal de Instrucci\u00f3n N\u00b0 43, a cargo de<strong> Felisa Krasucki<\/strong>, hab\u00eda pedido colaboraci\u00f3n a la poblaci\u00f3n para dar con el paradero de la joven y difundi\u00f3 por los medios su fotograf\u00eda.<\/p>\n<p style=\"text-align: justify;\">La <strong>madre de Elen<\/strong> cont\u00f3 que su hija \u00abest\u00e1 <strong>triste<\/strong> y un poco <strong>nerviosa<\/strong>, pero la vi <strong>bien<\/strong>; es mi nena y la conozco\u00bb.<\/p>\n<p style=\"text-align: justify;\">Sobre el drama que vivi\u00f3 durante la ausencia de la adolescente, la mujer se\u00f1al\u00f3: \u00abPas\u00e9 <strong>diez d\u00edas de locura<\/strong>, voy a hablar con ella un poquito despu\u00e9s de que la revisen los m\u00e9dicos\u00bb.<\/p>\n","protected":false},"excerpt":{"rendered":"<p>La buscaban intensamente desde hace ocho d\u00edas; hoy apareci\u00f3 en una comisar\u00eda porte\u00f1a. Elen Mnatsakanyan, la adolescente de 15 a\u00f1os que reside en el barrio porte\u00f1o de Palermo, apareci\u00f3 hoy, luego de que la familia de su novio le dijera a la polic\u00eda su paradero. La chica hab\u00eda sido vista por \u00faltima vez mi\u00e9rcoles 15&hellip;<\/p>\n","protected":false},"author":1,"featured_media":0,"comment_status":"open","ping_status":"open","sticky":false,"template":"","format":"standard","meta":{"footnotes":""},"categories":[22],"tags":[12502,12512,223,3597,1337,1812,30],"class_list":["post-26732","post","type-post","status-publish","format-standard","hentry","category-policiales","tag-elen-mnatsakanyan","tag-fiscalia-nacional-de-instruccion-43","tag-menor","tag-novio","tag-palermo","tag-paradero","tag-policia"],"_links":{"self":[{"href":"https:\/\/www.elsindical.com.ar\/notas\/wp-json\/wp\/v2\/posts\/26732","targetHints":{"allow":["GET"]}}],"collection":[{"href":"https:\/\/www.elsindical.com.ar\/notas\/wp-json\/wp\/v2\/posts"}],"about":[{"href":"https:\/\/www.elsindical.com.ar\/notas\/wp-json\/wp\/v2\/types\/post"}],"author":[{"embeddable":true,"href":"https:\/\/www.elsindical.com.ar\/notas\/wp-json\/wp\/v2\/users\/1"}],"replies":[{"embeddable":true,"href":"https:\/\/www.elsindical.com.ar\/notas\/wp-json\/wp\/v2\/comments?post=26732"}],"version-history":[{"count":2,"href":"https:\/\/www.elsindical.com.ar\/notas\/wp-json\/wp\/v2\/posts\/26732\/revisions"}],"predecessor-version":[{"id":26734,"href":"https:\/\/www.elsindical.com.ar\/notas\/wp-json\/wp\/v2\/posts\/26732\/revisions\/26734"}],"wp:attachment":[{"href":"https:\/\/www.elsindical.com.ar\/notas\/wp-json\/wp\/v2\/media?parent=26732"}],"wp:term":[{"taxonomy":"category","embeddable":true,"href":"https:\/\/www.elsindical.com.ar\/notas\/wp-json\/wp\/v2\/categories?post=26732"},{"taxonomy":"post_tag","embeddable":true,"href":"https:\/\/www.elsindical.com.ar\/notas\/wp-json\/wp\/v2\/tags?post=26732"}],"curies":[{"name":"wp","href":"https:\/\/api.w.org\/{rel}","templated":true}]}}