{"id":26692,"date":"2012-08-22T14:39:35","date_gmt":"2012-08-22T17:39:35","guid":{"rendered":"http:\/\/www.elsindical.com.ar\/notas\/?p=26692"},"modified":"2012-08-22T14:39:35","modified_gmt":"2012-08-22T17:39:35","slug":"polemica-por-las-salidas-transitorias-del-autor-del-triple-crimen-de-cipolletti","status":"publish","type":"post","link":"https:\/\/www.elsindical.com.ar\/notas\/polemica-por-las-salidas-transitorias-del-autor-del-triple-crimen-de-cipolletti\/","title":{"rendered":"Pol\u00e9mica por las salidas transitorias del autor del triple crimen de Cipolletti"},"content":{"rendered":"<p style=\"text-align: justify;\"><em><strong><a href=\"http:\/\/www.elsindical.com.ar\/notas\/var\/www\/html\/notas\/wp-content\/uploads\/2012\/08\/Claudio-Kielmasz.jpg\"><img loading=\"lazy\" decoding=\"async\" class=\"alignleft size-medium wp-image-26693\" title=\"Claudio-Kielmasz\" src=\"http:\/\/www.elsindical.com.ar\/notas\/var\/www\/html\/notas\/wp-content\/uploads\/2012\/08\/Claudio-Kielmasz-300x224.jpg\" alt=\"\" width=\"300\" height=\"224\" srcset=\"https:\/\/www.elsindical.com.ar\/notas\/var\/www\/html\/notas\/wp-content\/uploads\/2012\/08\/Claudio-Kielmasz-300x224.jpg 300w, https:\/\/www.elsindical.com.ar\/notas\/var\/www\/html\/notas\/wp-content\/uploads\/2012\/08\/Claudio-Kielmasz.jpg 443w\" sizes=\"auto, (max-width: 300px) 100vw, 300px\" \/><\/a>Claudio Kielmasz<\/strong> est\u00e1 condenado a cadena perpetua porque en 1997 viol\u00f3 y mat\u00f3 a tres chicas. Est\u00e1 preso en R\u00edo Gallegos. Sin embargo, el juez<strong> Juan Pablo Chirinos<\/strong> lo autoriz\u00f3 a participar dos veces en <strong>encuentros de teatro<\/strong>. Un fiscal cuestion\u00f3 la medida.<\/em><\/p>\n<p style=\"text-align: justify;\">El permiso otorgado a <strong>Claudio Kielmasz<\/strong>, autor del triple crimen de Cipolletti, para participar de dos encuentros culturales fuera del Penal Federal 15 de R\u00edo Gallegos, gener\u00f3 una gran pol\u00e9mica.<\/p>\n<p style=\"text-align: justify;\">El condenado a cadena perpetua por violar y asesinar a las j\u00f3venes <strong>Paula y Mar\u00eda Emilia Gonz\u00e1lez y Ver\u00f3nica Villar en 1997<\/strong>, recibi\u00f3 la autorizaci\u00f3n del juez de Ejecuci\u00f3n Penal de Roca, <strong>Juan Pablo Chirinos<\/strong>, para salir de la c\u00e1rcel. Desde abril de 2011, cuando fue trasladado a la Unidad 15 de R\u00edo Gallegos en una suerte de per\u00edodo de prueba, ya sali\u00f3 en al menos una oportunidad.<\/p>\n<p style=\"text-align: justify;\">Por otro lado, el fiscal de C\u00e1mara, Edgardo Rodr\u00edguez Trejo, se opone a la concesi\u00f3n de beneficios, aunque sea espor\u00e1dicos, y pide que se eval\u00fae la situaci\u00f3n m\u00e1s profundamente antes de concederle nuevos permisos.<\/p>\n<p style=\"text-align: justify;\">Seg\u00fan su postura, antes de cualquier <strong>salida de Kielmasz que est\u00e9 por fuera del r\u00e9gimen de libertad condicional<\/strong> que el detenido a\u00fan no tiene, se deber\u00e1 pedir la opini\u00f3n del fiscal y tener la autorizaci\u00f3n que \u00e9ste consulte a los peritos para diagnosticar el estado mental del hombre, precis\u00f3 el diario <em>rionegro.com.ar.<\/em><\/p>\n<p style=\"text-align: justify;\">Sin embargo, el juez seguir\u00e1 con la potestad de decidir si el autor del triple femicidio puede salir o no de la c\u00e1rcel, aunque a partir de ahora la decisi\u00f3n que tome deber\u00e1 pronunciarse tambi\u00e9n sobre los dict\u00e1menes psiqui\u00e1tricos.<\/p>\n","protected":false},"excerpt":{"rendered":"<p>Claudio Kielmasz est\u00e1 condenado a cadena perpetua porque en 1997 viol\u00f3 y mat\u00f3 a tres chicas. Est\u00e1 preso en R\u00edo Gallegos. Sin embargo, el juez Juan Pablo Chirinos lo autoriz\u00f3 a participar dos veces en encuentros de teatro. Un fiscal cuestion\u00f3 la medida. El permiso otorgado a Claudio Kielmasz, autor del triple crimen de Cipolletti,&hellip;<\/p>\n","protected":false},"author":1,"featured_media":0,"comment_status":"open","ping_status":"open","sticky":false,"template":"","format":"standard","meta":{"footnotes":""},"categories":[20],"tags":[12503,12505,12504,11838],"class_list":["post-26692","post","type-post","status-publish","format-standard","hentry","category-judiciales","tag-claudio-kielmasz","tag-claudio-kielmesz","tag-juez-juan-pablo-chirinos","tag-rio-gallegos"],"_links":{"self":[{"href":"https:\/\/www.elsindical.com.ar\/notas\/wp-json\/wp\/v2\/posts\/26692","targetHints":{"allow":["GET"]}}],"collection":[{"href":"https:\/\/www.elsindical.com.ar\/notas\/wp-json\/wp\/v2\/posts"}],"about":[{"href":"https:\/\/www.elsindical.com.ar\/notas\/wp-json\/wp\/v2\/types\/post"}],"author":[{"embeddable":true,"href":"https:\/\/www.elsindical.com.ar\/notas\/wp-json\/wp\/v2\/users\/1"}],"replies":[{"embeddable":true,"href":"https:\/\/www.elsindical.com.ar\/notas\/wp-json\/wp\/v2\/comments?post=26692"}],"version-history":[{"count":2,"href":"https:\/\/www.elsindical.com.ar\/notas\/wp-json\/wp\/v2\/posts\/26692\/revisions"}],"predecessor-version":[{"id":26695,"href":"https:\/\/www.elsindical.com.ar\/notas\/wp-json\/wp\/v2\/posts\/26692\/revisions\/26695"}],"wp:attachment":[{"href":"https:\/\/www.elsindical.com.ar\/notas\/wp-json\/wp\/v2\/media?parent=26692"}],"wp:term":[{"taxonomy":"category","embeddable":true,"href":"https:\/\/www.elsindical.com.ar\/notas\/wp-json\/wp\/v2\/categories?post=26692"},{"taxonomy":"post_tag","embeddable":true,"href":"https:\/\/www.elsindical.com.ar\/notas\/wp-json\/wp\/v2\/tags?post=26692"}],"curies":[{"name":"wp","href":"https:\/\/api.w.org\/{rel}","templated":true}]}}