{"id":26649,"date":"2012-08-21T15:13:42","date_gmt":"2012-08-21T18:13:42","guid":{"rendered":"http:\/\/www.elsindical.com.ar\/notas\/?p=26649"},"modified":"2012-08-21T15:13:42","modified_gmt":"2012-08-21T18:13:42","slug":"maria-valenzuela-respaldo-a-veronica-perdomo","status":"publish","type":"post","link":"https:\/\/www.elsindical.com.ar\/notas\/maria-valenzuela-respaldo-a-veronica-perdomo\/","title":{"rendered":"Mar\u00eda Valenzuela respald\u00f3 a Ver\u00f3nica Perdomo"},"content":{"rendered":"<p style=\"text-align: justify;\"><em><a href=\"http:\/\/www.elsindical.com.ar\/notas\/var\/www\/html\/notas\/wp-content\/uploads\/2012\/08\/este-es-el-Show-Perdomo.jpg\"><img loading=\"lazy\" decoding=\"async\" class=\"alignleft size-medium wp-image-26650\" title=\"este-es-el-Show-Perdomo\" src=\"http:\/\/www.elsindical.com.ar\/notas\/var\/www\/html\/notas\/wp-content\/uploads\/2012\/08\/este-es-el-Show-Perdomo-300x225.jpg\" alt=\"\" width=\"300\" height=\"225\" srcset=\"https:\/\/www.elsindical.com.ar\/notas\/var\/www\/html\/notas\/wp-content\/uploads\/2012\/08\/este-es-el-Show-Perdomo-300x225.jpg 300w, https:\/\/www.elsindical.com.ar\/notas\/var\/www\/html\/notas\/wp-content\/uploads\/2012\/08\/este-es-el-Show-Perdomo.jpg 443w\" sizes=\"auto, (max-width: 300px) 100vw, 300px\" \/><\/a>La actriz, que<strong> tuvo a su hija con un derrame cerebral<\/strong>, apoy\u00f3 a la modelo despu\u00e9s de las cr\u00edticas que recibi\u00f3 de Marcelo Polino y Marcela Coronel por su ACV.<\/em><\/p>\n<p style=\"text-align: justify;\">Despu\u00e9s de los duros cuestionamientos que sufri\u00f3 la modelo Ver\u00f3nica Perdomo por parte de Marcelo Polino y Marcela Coronel, la reconocida actriz Mar\u00eda Valenzuela sali\u00f3 a respaldarla \u00abincondicionalmente\u00bb y record\u00f3 la recuperaci\u00f3n de su hija, Malena Mendiz\u00e1bal, que en 2003 sufri\u00f3 un derrame cerebral.<\/p>\n<p style=\"text-align: justify;\"><strong>\u00abMe indign\u00f3 lo que dijo Marcela Coronel\u00bb<\/strong>, asegur\u00f3 Valenzuela, en declaraciones al programa Intrusos, que agreg\u00f3: <strong>\u00abYo entiendo cuando ella dice que tiene verg\u00fcenza de sentirse hablar as\u00ed porque lo viv\u00ed como madre con Malena<\/strong><strong>. Si queremos un mundo mejor, empecemos por casa siendo mejores personas\u00bb<\/strong><\/p>\n<p style=\"text-align: justify;\">\u00abEstoy indignada con (Jos\u00e9 Mar\u00eda) Listorti, es un comunicador. C\u00f3mo puede decir entiendo a Ver\u00f3nica y a la periodista\u00bb, se\u00f1al\u00f3 la actriz.<\/p>\n<p style=\"text-align: justify;\"><strong>\u00abDejemos de dudar, la confianza ante determinadas cosas que son vergonzosas. A la Malena la ayud\u00f3 mucho haber estudiado, grababa las clases y las desgrababamos juntas. En un final ten\u00eda que decir la palabra gallo, pensaba y no le ven\u00eda, los mir\u00f3 a los tres profesores y les dijo gallina masculina. Y yo la aplaud\u00ed\u00bb<\/strong>, remarc\u00f3.<\/p>\n<p style=\"text-align: justify;\">En Este es el Show, la modelo sufri\u00f3 un duro cruce con Marcela Coronel, panelista del ciclo, quien indic\u00f3: \u201cMuchas veces not\u00e9 que en la previa hablaba bien y de repente empezaba a hablar mal, yo creo que se da cuenta que habla bien y tal vez no le sirve eso como participante\u00bb.<\/p>\n<p style=\"text-align: justify;\">Las redes sociales explotaron de indignaci\u00f3n, y muchos piden renuncias o bien despidos de Listorti como responsable del programa y el haber permitido las placas como la de la imagen que ilustra la nota y de Marcela Coronel por su falta de profesionalismo al opinar sin el menor conocimiento de la enfermedad. Tambi\u00e9n una rectificaci\u00f3n de parte de Marcelo Polino, quien se jacta de ser periodista, pero todas sus intervenciones son en base a comentarios y dichos sin que nuna identifique las fuentes, actitud de un chusma sin m\u00e9rito.<\/p>\n","protected":false},"excerpt":{"rendered":"<p>La actriz, que tuvo a su hija con un derrame cerebral, apoy\u00f3 a la modelo despu\u00e9s de las cr\u00edticas que recibi\u00f3 de Marcelo Polino y Marcela Coronel por su ACV. Despu\u00e9s de los duros cuestionamientos que sufri\u00f3 la modelo Ver\u00f3nica Perdomo por parte de Marcelo Polino y Marcela Coronel, la reconocida actriz Mar\u00eda Valenzuela sali\u00f3&hellip;<\/p>\n","protected":false},"author":1,"featured_media":0,"comment_status":"open","ping_status":"open","sticky":false,"template":"","format":"standard","meta":{"footnotes":""},"categories":[15],"tags":[3485,12477,12476,12474,12475,9818,12473],"class_list":["post-26649","post","type-post","status-publish","format-standard","hentry","category-espectaculos","tag-acv","tag-este-es-el-show","tag-malena-mendizabal","tag-marcela-coronel","tag-marcelo-polino","tag-maria-valenzuela","tag-veronica-perdomo"],"_links":{"self":[{"href":"https:\/\/www.elsindical.com.ar\/notas\/wp-json\/wp\/v2\/posts\/26649","targetHints":{"allow":["GET"]}}],"collection":[{"href":"https:\/\/www.elsindical.com.ar\/notas\/wp-json\/wp\/v2\/posts"}],"about":[{"href":"https:\/\/www.elsindical.com.ar\/notas\/wp-json\/wp\/v2\/types\/post"}],"author":[{"embeddable":true,"href":"https:\/\/www.elsindical.com.ar\/notas\/wp-json\/wp\/v2\/users\/1"}],"replies":[{"embeddable":true,"href":"https:\/\/www.elsindical.com.ar\/notas\/wp-json\/wp\/v2\/comments?post=26649"}],"version-history":[{"count":1,"href":"https:\/\/www.elsindical.com.ar\/notas\/wp-json\/wp\/v2\/posts\/26649\/revisions"}],"predecessor-version":[{"id":26651,"href":"https:\/\/www.elsindical.com.ar\/notas\/wp-json\/wp\/v2\/posts\/26649\/revisions\/26651"}],"wp:attachment":[{"href":"https:\/\/www.elsindical.com.ar\/notas\/wp-json\/wp\/v2\/media?parent=26649"}],"wp:term":[{"taxonomy":"category","embeddable":true,"href":"https:\/\/www.elsindical.com.ar\/notas\/wp-json\/wp\/v2\/categories?post=26649"},{"taxonomy":"post_tag","embeddable":true,"href":"https:\/\/www.elsindical.com.ar\/notas\/wp-json\/wp\/v2\/tags?post=26649"}],"curies":[{"name":"wp","href":"https:\/\/api.w.org\/{rel}","templated":true}]}}