{"id":26628,"date":"2012-08-21T12:40:35","date_gmt":"2012-08-21T15:40:35","guid":{"rendered":"http:\/\/www.elsindical.com.ar\/notas\/?p=26628"},"modified":"2012-08-21T12:40:35","modified_gmt":"2012-08-21T15:40:35","slug":"lanusasesinan-a-un-hombre-que-salio-en-defensa-de-su-hijo","status":"publish","type":"post","link":"https:\/\/www.elsindical.com.ar\/notas\/lanusasesinan-a-un-hombre-que-salio-en-defensa-de-su-hijo\/","title":{"rendered":"Lan\u00fas:Asesinan a un hombre que sali\u00f3 en defensa de su hijo"},"content":{"rendered":"<p style=\"text-align: justify;\"><em><a href=\"http:\/\/www.elsindical.com.ar\/notas\/var\/www\/html\/notas\/wp-content\/uploads\/2012\/08\/asesinato-en-Lan\u00fas-hijo.jpg\"><img loading=\"lazy\" decoding=\"async\" class=\"alignleft size-medium wp-image-26629\" title=\"asesinato-en-Lan\u00fas,-hijo\" src=\"http:\/\/www.elsindical.com.ar\/notas\/var\/www\/html\/notas\/wp-content\/uploads\/2012\/08\/asesinato-en-Lan\u00fas-hijo-300x168.jpg\" alt=\"\" width=\"300\" height=\"168\" srcset=\"https:\/\/www.elsindical.com.ar\/notas\/var\/www\/html\/notas\/wp-content\/uploads\/2012\/08\/asesinato-en-Lan\u00fas-hijo-300x168.jpg 300w, https:\/\/www.elsindical.com.ar\/notas\/var\/www\/html\/notas\/wp-content\/uploads\/2012\/08\/asesinato-en-Lan\u00fas-hijo.jpg 443w\" sizes=\"auto, (max-width: 300px) 100vw, 300px\" \/><\/a>El joven fue abordado cuando sacaba el auto del garaje de su casa. Su padre, de 75 a\u00f1os, forceje\u00f3 con el delincuente y recibi\u00f3 un tiro en el pecho.<\/em><\/p>\n<p style=\"text-align: justify;\">Un hombre fue asesinado esta ma\u00f1ana de un balazo en el pecho cuando <strong>trat\u00f3 de defender a su hijo de un asalto<\/strong> en la puerta de su casa, en el partido bonaerense de Lan\u00fas.<\/p>\n<p style=\"text-align: justify;\">Todo pas\u00f3 cerca de las 08:30 hs., cuando Juan Bautista Gonz\u00e1lez \u2013un jubilado de 75 a\u00f1os- se encontraba en la puerta de su vivienda, ubicada en la calle Tuyut\u00ed al 1400. Hab\u00eda salido a la calle para despedir a su hijo Leonardo, quien se dispon\u00eda a llevar a sus hijos al colegio.<\/p>\n<p style=\"text-align: justify;\">En momentos en que Leonardo sacaba el auto del garaje, fue interceptado por un delincuente que trat\u00f3 de ingresar a la casa. Fue entonces cuando el jubilado sali\u00f3 en defensa de su hijo y \u2013al parecer- forcej\u00f3 con el ladr\u00f3n, que <strong>le dispar\u00f3 en el pecho y lo mat\u00f3<\/strong>.<\/p>\n<p style=\"text-align: justify;\">Tras el disparo, el delincuente escap\u00f3 con un c\u00f3mplice que lo esperaba en los alrededores. No co concret\u00f3 el robo, informaron fuentes policiales.<\/p>\n<p style=\"text-align: justify;\">Leonardo, hijo de la v\u00edctima, relat\u00f3 esta ma\u00f1ana c\u00f3mo sucedieron los hechos. El hombre cont\u00f3 que el ladr\u00f3n lo \u201cenca\u00f1on\u00f3\u201d cuando estaba en la puerta de su casa, a punto de salir para \u201cllevar a los chicos (sus hijos y nietos de Juan Bautista) al colegio\u201d.<\/p>\n<p style=\"text-align: justify;\"><strong>\u201cCuando me apuntaron, mi pap\u00e1 se puso loco\u201d<\/strong>, describi\u00f3 Leonardo entre l\u00e1grimas. Al tiempo que reclam\u00f3 justicia para su pap\u00e1. \u201cQuiero que los detengan, que los agarren, que esto no quede as\u00ed\u201d, pidi\u00f3.<\/p>\n<p style=\"text-align: justify;\">\u201cSi nos sacan las cosas, bueno, pero que no nos saquen la vida. No nos pueden matar\u201d, se lament\u00f3.<\/p>\n<p style=\"text-align: justify;\">La Polic\u00eda implement\u00f3 un operativo cerrojo en la zona en busca de los delincuentes. El caso gener\u00f3 indignaci\u00f3n entre los vecinos del barrio, que <strong>anunciaron una marcha a las 19:00 hs.\u00a0<\/strong> para reclamar seguridad y que el hecho se esclarezca.<\/p>\n","protected":false},"excerpt":{"rendered":"<p>El joven fue abordado cuando sacaba el auto del garaje de su casa. Su padre, de 75 a\u00f1os, forceje\u00f3 con el delincuente y recibi\u00f3 un tiro en el pecho. Un hombre fue asesinado esta ma\u00f1ana de un balazo en el pecho cuando trat\u00f3 de defender a su hijo de un asalto en la puerta de&hellip;<\/p>\n","protected":false},"author":1,"featured_media":0,"comment_status":"open","ping_status":"open","sticky":false,"template":"","format":"standard","meta":{"footnotes":""},"categories":[22],"tags":[362,2329,209,359,30,116],"class_list":["post-26628","post","type-post","status-publish","format-standard","hentry","category-policiales","tag-hijo","tag-homicidio","tag-lanus","tag-padre","tag-policia","tag-robo"],"_links":{"self":[{"href":"https:\/\/www.elsindical.com.ar\/notas\/wp-json\/wp\/v2\/posts\/26628","targetHints":{"allow":["GET"]}}],"collection":[{"href":"https:\/\/www.elsindical.com.ar\/notas\/wp-json\/wp\/v2\/posts"}],"about":[{"href":"https:\/\/www.elsindical.com.ar\/notas\/wp-json\/wp\/v2\/types\/post"}],"author":[{"embeddable":true,"href":"https:\/\/www.elsindical.com.ar\/notas\/wp-json\/wp\/v2\/users\/1"}],"replies":[{"embeddable":true,"href":"https:\/\/www.elsindical.com.ar\/notas\/wp-json\/wp\/v2\/comments?post=26628"}],"version-history":[{"count":2,"href":"https:\/\/www.elsindical.com.ar\/notas\/wp-json\/wp\/v2\/posts\/26628\/revisions"}],"predecessor-version":[{"id":26631,"href":"https:\/\/www.elsindical.com.ar\/notas\/wp-json\/wp\/v2\/posts\/26628\/revisions\/26631"}],"wp:attachment":[{"href":"https:\/\/www.elsindical.com.ar\/notas\/wp-json\/wp\/v2\/media?parent=26628"}],"wp:term":[{"taxonomy":"category","embeddable":true,"href":"https:\/\/www.elsindical.com.ar\/notas\/wp-json\/wp\/v2\/categories?post=26628"},{"taxonomy":"post_tag","embeddable":true,"href":"https:\/\/www.elsindical.com.ar\/notas\/wp-json\/wp\/v2\/tags?post=26628"}],"curies":[{"name":"wp","href":"https:\/\/api.w.org\/{rel}","templated":true}]}}